{"id":47831,"date":"2019-02-19T09:04:33","date_gmt":"2019-02-19T12:04:33","guid":{"rendered":"https:\/\/eldiariodesanpedro.com.ar\/sitio\/?p=47831"},"modified":"2019-02-19T09:04:41","modified_gmt":"2019-02-19T12:04:41","slug":"recuperaron-el-tejido-perimetral-sustraido-de-una-obra-en-construccion","status":"publish","type":"post","link":"https:\/\/eldiariodesanpedro.com.ar\/sitio\/recuperaron-el-tejido-perimetral-sustraido-de-una-obra-en-construccion\/","title":{"rendered":"Recuperaron el tejido perimetral sustra\u00eddo de una obra en construcci\u00f3n"},"content":{"rendered":"<!-- VideographyWP Plugin Message: Automatic video embedding prevented by plugin options. -->\n\n<p>El hecho ocurri\u00f3 en horas del mediod\u00eda de este lunes, cuando delincuentes ignorados sustrajeron un tejido ol\u00edmpico p\u00e8rimetral de una obra en construcci\u00f3n del establecimiento educativo sito en calle Cte de Obligado y Auli.<\/p>\n\n\n\n<p>El personal policial alertado de esta situaci\u00f3n por los alba\u00f1iles que trabajaban en el lugar, encuentran el mismo oculto en inmediaciones del lugar.<\/p>\n\n\n\n<p> Se prosiguen\u00a0\u00a0averiguaciones tendientes a establecer autoria del hecho. <\/p>\n\n\n\n<p>Toma intervenci\u00f3n  la fiscalia en turno de San Pedro.<\/p>\n\n\n\n<figure class=\"wp-block-image\"><img decoding=\"async\" width=\"502\" height=\"1032\" data-attachment-id=\"47832\" data-permalink=\"https:\/\/eldiariodesanpedro.com.ar\/sitio\/recuperaron-el-tejido-perimetral-sustraido-de-una-obra-en-construccion\/whatsapp-image-2019-02-19-at-08-49-49\/\" data-orig-file=\"https:\/\/eldiariodesanpedro.com.ar\/sitio\/wp-content\/uploads\/2019\/02\/WhatsApp-Image-2019-02-19-at-08.49.49.jpeg\" data-orig-size=\"502,1032\" data-comments-opened=\"1\" data-image-meta=\"{&quot;aperture&quot;:&quot;0&quot;,&quot;credit&quot;:&quot;&quot;,&quot;camera&quot;:&quot;&quot;,&quot;caption&quot;:&quot;&quot;,&quot;created_timestamp&quot;:&quot;0&quot;,&quot;copyright&quot;:&quot;&quot;,&quot;focal_length&quot;:&quot;0&quot;,&quot;iso&quot;:&quot;0&quot;,&quot;shutter_speed&quot;:&quot;0&quot;,&quot;title&quot;:&quot;&quot;,&quot;orientation&quot;:&quot;0&quot;}\" data-image-title=\"WhatsApp Image 2019-02-19 at 08.49.49\" data-image-description=\"\" data-image-caption=\"\" data-large-file=\"https:\/\/eldiariodesanpedro.com.ar\/sitio\/wp-content\/uploads\/2019\/02\/WhatsApp-Image-2019-02-19-at-08.49.49-498x1024.jpeg\" data-src=\"https:\/\/i1.wp.com\/eldiariodesanpedro.com.ar\/sitio\/wp-content\/uploads\/2019\/02\/WhatsApp-Image-2019-02-19-at-08.49.49.jpeg?fit=498%2C1024\" alt=\"\" class=\"wp-image-47832 lazyload\" data-srcset=\"https:\/\/eldiariodesanpedro.com.ar\/sitio\/wp-content\/uploads\/2019\/02\/WhatsApp-Image-2019-02-19-at-08.49.49.jpeg 502w, https:\/\/eldiariodesanpedro.com.ar\/sitio\/wp-content\/uploads\/2019\/02\/WhatsApp-Image-2019-02-19-at-08.49.49-146x300.jpeg 146w, https:\/\/eldiariodesanpedro.com.ar\/sitio\/wp-content\/uploads\/2019\/02\/WhatsApp-Image-2019-02-19-at-08.49.49-498x1024.jpeg 498w\" data-sizes=\"(max-width: 502px) 100vw, 502px\" src=\"data:image\/svg+xml;base64,PHN2ZyB3aWR0aD0iMSIgaGVpZ2h0PSIxIiB4bWxucz0iaHR0cDovL3d3dy53My5vcmcvMjAwMC9zdmciPjwvc3ZnPg==\" style=\"--smush-placeholder-width: 502px; --smush-placeholder-aspect-ratio: 502\/1032;\" \/><\/figure>\n\n\n\n<p><br><\/p>\n","protected":false},"excerpt":{"rendered":"<p>El hecho ocurri\u00f3 en horas del mediod\u00eda de este lunes, cuando delincuentes ignorados sustrajeron un tejido ol\u00edmpico p\u00e8rimetral de una obra en construcci\u00f3n del establecimiento educativo sito en calle Cte de Obligado y Auli. El personal policial alertado de esta situaci\u00f3n por los alba\u00f1iles que trabajaban en el lugar, encuentran el mismo oculto en inmediaciones [&hellip;]<\/p>\n","protected":false},"author":4,"featured_media":47832,"comment_status":"open","ping_status":"closed","sticky":false,"template":"","format":"standard","meta":{"om_disable_all_campaigns":false,"_jetpack_memberships_contains_paid_content":false,"footnotes":""},"categories":[2,103],"tags":[],"class_list":["post-47831","post","type-post","status-publish","format-standard","has-post-thumbnail","hentry","category-locales","category-policiales-locales"],"aioseo_notices":[],"gutentor_comment":0,"jetpack_featured_media_url":"https:\/\/eldiariodesanpedro.com.ar\/sitio\/wp-content\/uploads\/2019\/02\/WhatsApp-Image-2019-02-19-at-08.49.49.jpeg","jetpack_shortlink":"https:\/\/wp.me\/p6RhLt-crt","jetpack_sharing_enabled":true,"_links":{"self":[{"href":"https:\/\/eldiariodesanpedro.com.ar\/sitio\/wp-json\/wp\/v2\/posts\/47831","targetHints":{"allow":["GET"]}}],"collection":[{"href":"https:\/\/eldiariodesanpedro.com.ar\/sitio\/wp-json\/wp\/v2\/posts"}],"about":[{"href":"https:\/\/eldiariodesanpedro.com.ar\/sitio\/wp-json\/wp\/v2\/types\/post"}],"author":[{"embeddable":true,"href":"https:\/\/eldiariodesanpedro.com.ar\/sitio\/wp-json\/wp\/v2\/users\/4"}],"replies":[{"embeddable":true,"href":"https:\/\/eldiariodesanpedro.com.ar\/sitio\/wp-json\/wp\/v2\/comments?post=47831"}],"version-history":[{"count":1,"href":"https:\/\/eldiariodesanpedro.com.ar\/sitio\/wp-json\/wp\/v2\/posts\/47831\/revisions"}],"predecessor-version":[{"id":47833,"href":"https:\/\/eldiariodesanpedro.com.ar\/sitio\/wp-json\/wp\/v2\/posts\/47831\/revisions\/47833"}],"wp:featuredmedia":[{"embeddable":true,"href":"https:\/\/eldiariodesanpedro.com.ar\/sitio\/wp-json\/wp\/v2\/media\/47832"}],"wp:attachment":[{"href":"https:\/\/eldiariodesanpedro.com.ar\/sitio\/wp-json\/wp\/v2\/media?parent=47831"}],"wp:term":[{"taxonomy":"category","embeddable":true,"href":"https:\/\/eldiariodesanpedro.com.ar\/sitio\/wp-json\/wp\/v2\/categories?post=47831"},{"taxonomy":"post_tag","embeddable":true,"href":"https:\/\/eldiariodesanpedro.com.ar\/sitio\/wp-json\/wp\/v2\/tags?post=47831"}],"curies":[{"name":"wp","href":"https:\/\/api.w.org\/{rel}","templated":true}]}}