{"id":47825,"date":"2019-02-19T08:54:51","date_gmt":"2019-02-19T11:54:51","guid":{"rendered":"https:\/\/eldiariodesanpedro.com.ar\/sitio\/?p=47825"},"modified":"2019-02-19T08:55:00","modified_gmt":"2019-02-19T11:55:00","slug":"se-fugaba-con-una-motocicleta-cuando-fue-aprehendido-tiene-multiples-antecedentes","status":"publish","type":"post","link":"https:\/\/eldiariodesanpedro.com.ar\/sitio\/se-fugaba-con-una-motocicleta-cuando-fue-aprehendido-tiene-multiples-antecedentes\/","title":{"rendered":"Se fugaba con una motocicleta cuando fue aprehendido, tiene m\u00faltiples antecedentes."},"content":{"rendered":"<!-- VideographyWP Plugin Message: Automatic video embedding prevented by plugin options. -->\n\n<p>Sucedi\u00f3 en la madrugada de hoy, el delincuente hab\u00eda sustra\u00eddo una motocicleta 125 cc del interior de una vivienda tras violentar el port\u00f3n.<\/p>\n\n\n\n<p>As\u00ed fue cuando el personal policial fue alertado y tras r\u00e1pido accionar logran la aprehensi\u00f3n del malviviente intercept\u00e1ndolo en las calles Cruz Roja y Ruffa.<\/p>\n\n\n\n<p>El joven delincuente de 19 a\u00f1os de edad,  que circulaba a bordo de la moto marca Motomel X3M de color roja y blanca, fue detenido en plena fuga.<\/p>\n\n\n\n<p>Su propietaria  radico la denuncia luego,  contando que el sujeto hab\u00eda ingresado a la vivienda sita en Casella al 1800, luego de saltar el tapial y violentar el port\u00f3n de entrada por donde escapo con el rodado.<\/p>\n\n\n\n<p>El delincuente permanece alojado en sede policial a disposici\u00f3n de la fiscal\u00eda en turno.<\/p>\n\n\n\n<ul class=\"wp-block-gallery columns-2 is-cropped wp-block-gallery-1 is-layout-flex wp-block-gallery-is-layout-flex\"><li class=\"blocks-gallery-item\"><figure><img decoding=\"async\" width=\"955\" height=\"683\" data-attachment-id=\"47826\" data-permalink=\"https:\/\/eldiariodesanpedro.com.ar\/sitio\/se-fugaba-con-una-motocicleta-cuando-fue-aprehendido-tiene-multiples-antecedentes\/whatsapp-image-2019-02-19-at-08-38-35-1\/\" data-orig-file=\"https:\/\/eldiariodesanpedro.com.ar\/sitio\/wp-content\/uploads\/2019\/02\/WhatsApp-Image-2019-02-19-at-08.38.35-1.jpeg\" data-orig-size=\"955,683\" data-comments-opened=\"1\" data-image-meta=\"{&quot;aperture&quot;:&quot;0&quot;,&quot;credit&quot;:&quot;&quot;,&quot;camera&quot;:&quot;&quot;,&quot;caption&quot;:&quot;&quot;,&quot;created_timestamp&quot;:&quot;0&quot;,&quot;copyright&quot;:&quot;&quot;,&quot;focal_length&quot;:&quot;0&quot;,&quot;iso&quot;:&quot;0&quot;,&quot;shutter_speed&quot;:&quot;0&quot;,&quot;title&quot;:&quot;&quot;,&quot;orientation&quot;:&quot;0&quot;}\" data-image-title=\"WhatsApp Image 2019-02-19 at 08.38.35 (1)\" data-image-description=\"\" data-image-caption=\"\" data-large-file=\"https:\/\/eldiariodesanpedro.com.ar\/sitio\/wp-content\/uploads\/2019\/02\/WhatsApp-Image-2019-02-19-at-08.38.35-1.jpeg\" data-src=\"https:\/\/eldiariodesanpedro.com.ar\/sitio\/wp-content\/uploads\/2019\/02\/WhatsApp-Image-2019-02-19-at-08.38.35-1.jpeg\" alt=\"\" data-id=\"47826\" data-link=\"https:\/\/eldiariodesanpedro.com.ar\/sitio\/?attachment_id=47826\" class=\"wp-image-47826 lazyload\" data-srcset=\"https:\/\/eldiariodesanpedro.com.ar\/sitio\/wp-content\/uploads\/2019\/02\/WhatsApp-Image-2019-02-19-at-08.38.35-1.jpeg 955w, https:\/\/eldiariodesanpedro.com.ar\/sitio\/wp-content\/uploads\/2019\/02\/WhatsApp-Image-2019-02-19-at-08.38.35-1-300x215.jpeg 300w, https:\/\/eldiariodesanpedro.com.ar\/sitio\/wp-content\/uploads\/2019\/02\/WhatsApp-Image-2019-02-19-at-08.38.35-1-768x549.jpeg 768w\" data-sizes=\"(max-width: 955px) 100vw, 955px\" src=\"data:image\/svg+xml;base64,PHN2ZyB3aWR0aD0iMSIgaGVpZ2h0PSIxIiB4bWxucz0iaHR0cDovL3d3dy53My5vcmcvMjAwMC9zdmciPjwvc3ZnPg==\" style=\"--smush-placeholder-width: 955px; --smush-placeholder-aspect-ratio: 955\/683;\" \/><\/figure><\/li><li class=\"blocks-gallery-item\"><figure><img decoding=\"async\" width=\"768\" height=\"1024\" data-attachment-id=\"47827\" data-permalink=\"https:\/\/eldiariodesanpedro.com.ar\/sitio\/se-fugaba-con-una-motocicleta-cuando-fue-aprehendido-tiene-multiples-antecedentes\/whatsapp-image-2019-02-19-at-08-38-35\/\" data-orig-file=\"https:\/\/eldiariodesanpedro.com.ar\/sitio\/wp-content\/uploads\/2019\/02\/WhatsApp-Image-2019-02-19-at-08.38.35.jpeg\" data-orig-size=\"780,1040\" data-comments-opened=\"1\" data-image-meta=\"{&quot;aperture&quot;:&quot;0&quot;,&quot;credit&quot;:&quot;&quot;,&quot;camera&quot;:&quot;&quot;,&quot;caption&quot;:&quot;&quot;,&quot;created_timestamp&quot;:&quot;0&quot;,&quot;copyright&quot;:&quot;&quot;,&quot;focal_length&quot;:&quot;0&quot;,&quot;iso&quot;:&quot;0&quot;,&quot;shutter_speed&quot;:&quot;0&quot;,&quot;title&quot;:&quot;&quot;,&quot;orientation&quot;:&quot;0&quot;}\" data-image-title=\"WhatsApp Image 2019-02-19 at 08.38.35\" data-image-description=\"\" data-image-caption=\"\" data-large-file=\"https:\/\/eldiariodesanpedro.com.ar\/sitio\/wp-content\/uploads\/2019\/02\/WhatsApp-Image-2019-02-19-at-08.38.35-768x1024.jpeg\" data-src=\"https:\/\/eldiariodesanpedro.com.ar\/sitio\/wp-content\/uploads\/2019\/02\/WhatsApp-Image-2019-02-19-at-08.38.35-768x1024.jpeg\" alt=\"\" data-id=\"47827\" data-link=\"https:\/\/eldiariodesanpedro.com.ar\/sitio\/?attachment_id=47827\" class=\"wp-image-47827 lazyload\" data-srcset=\"https:\/\/eldiariodesanpedro.com.ar\/sitio\/wp-content\/uploads\/2019\/02\/WhatsApp-Image-2019-02-19-at-08.38.35-768x1024.jpeg 768w, https:\/\/eldiariodesanpedro.com.ar\/sitio\/wp-content\/uploads\/2019\/02\/WhatsApp-Image-2019-02-19-at-08.38.35-225x300.jpeg 225w, https:\/\/eldiariodesanpedro.com.ar\/sitio\/wp-content\/uploads\/2019\/02\/WhatsApp-Image-2019-02-19-at-08.38.35.jpeg 780w\" data-sizes=\"(max-width: 768px) 100vw, 768px\" src=\"data:image\/svg+xml;base64,PHN2ZyB3aWR0aD0iMSIgaGVpZ2h0PSIxIiB4bWxucz0iaHR0cDovL3d3dy53My5vcmcvMjAwMC9zdmciPjwvc3ZnPg==\" style=\"--smush-placeholder-width: 768px; --smush-placeholder-aspect-ratio: 768\/1024;\" \/><\/figure><\/li><\/ul>\n\n\n\n<p><\/p>\n","protected":false},"excerpt":{"rendered":"<p>Sucedi\u00f3 en la madrugada de hoy, el delincuente hab\u00eda sustra\u00eddo una motocicleta 125 cc del interior de una vivienda tras violentar el port\u00f3n. As\u00ed fue cuando el personal policial fue alertado y tras r\u00e1pido accionar logran la aprehensi\u00f3n del malviviente intercept\u00e1ndolo en las calles Cruz Roja y Ruffa. El joven delincuente de 19 a\u00f1os de [&hellip;]<\/p>\n","protected":false},"author":4,"featured_media":47827,"comment_status":"open","ping_status":"closed","sticky":false,"template":"","format":"standard","meta":{"om_disable_all_campaigns":false,"_jetpack_memberships_contains_paid_content":false,"footnotes":""},"categories":[50,2,103],"tags":[],"class_list":["post-47825","post","type-post","status-publish","format-standard","has-post-thumbnail","hentry","category-destacadas","category-locales","category-policiales-locales"],"aioseo_notices":[],"gutentor_comment":0,"jetpack_featured_media_url":"https:\/\/eldiariodesanpedro.com.ar\/sitio\/wp-content\/uploads\/2019\/02\/WhatsApp-Image-2019-02-19-at-08.38.35.jpeg","jetpack_shortlink":"https:\/\/wp.me\/p6RhLt-crn","jetpack_sharing_enabled":true,"_links":{"self":[{"href":"https:\/\/eldiariodesanpedro.com.ar\/sitio\/wp-json\/wp\/v2\/posts\/47825","targetHints":{"allow":["GET"]}}],"collection":[{"href":"https:\/\/eldiariodesanpedro.com.ar\/sitio\/wp-json\/wp\/v2\/posts"}],"about":[{"href":"https:\/\/eldiariodesanpedro.com.ar\/sitio\/wp-json\/wp\/v2\/types\/post"}],"author":[{"embeddable":true,"href":"https:\/\/eldiariodesanpedro.com.ar\/sitio\/wp-json\/wp\/v2\/users\/4"}],"replies":[{"embeddable":true,"href":"https:\/\/eldiariodesanpedro.com.ar\/sitio\/wp-json\/wp\/v2\/comments?post=47825"}],"version-history":[{"count":1,"href":"https:\/\/eldiariodesanpedro.com.ar\/sitio\/wp-json\/wp\/v2\/posts\/47825\/revisions"}],"predecessor-version":[{"id":47830,"href":"https:\/\/eldiariodesanpedro.com.ar\/sitio\/wp-json\/wp\/v2\/posts\/47825\/revisions\/47830"}],"wp:featuredmedia":[{"embeddable":true,"href":"https:\/\/eldiariodesanpedro.com.ar\/sitio\/wp-json\/wp\/v2\/media\/47827"}],"wp:attachment":[{"href":"https:\/\/eldiariodesanpedro.com.ar\/sitio\/wp-json\/wp\/v2\/media?parent=47825"}],"wp:term":[{"taxonomy":"category","embeddable":true,"href":"https:\/\/eldiariodesanpedro.com.ar\/sitio\/wp-json\/wp\/v2\/categories?post=47825"},{"taxonomy":"post_tag","embeddable":true,"href":"https:\/\/eldiariodesanpedro.com.ar\/sitio\/wp-json\/wp\/v2\/tags?post=47825"}],"curies":[{"name":"wp","href":"https:\/\/api.w.org\/{rel}","templated":true}]}}