{"id":47817,"date":"2019-02-19T08:38:14","date_gmt":"2019-02-19T11:38:14","guid":{"rendered":"https:\/\/eldiariodesanpedro.com.ar\/sitio\/?p=47817"},"modified":"2019-02-19T08:38:24","modified_gmt":"2019-02-19T11:38:24","slug":"museo-paleontologico-descubren-polen-y-esporas-fosilizadas-entre-las-patas-de-armadillos-prehistoricos","status":"publish","type":"post","link":"https:\/\/eldiariodesanpedro.com.ar\/sitio\/museo-paleontologico-descubren-polen-y-esporas-fosilizadas-entre-las-patas-de-armadillos-prehistoricos\/","title":{"rendered":"Museo Paleontol\u00f3gico: Descubren polen y esporas fosilizadas entre las patas de armadillos prehist\u00f3ricos"},"content":{"rendered":"<!-- VideographyWP Plugin Message: Automatic video embedding prevented by plugin options. -->\n\n<p>El hallazgo fue realizado a 5 kil\u00f3metros de la ciudad de San Pedro en sedimentos de 700.000 a\u00f1os. Es un hecho in\u00e9dito por estar asociado a megafauna de esa antig\u00fcedad.<\/p>\n\n\n\n<p>El Grupo Conservacionista de F\u00f3siles, equipo del Museo Paleontol\u00f3gico de San Pedro, junto al Centro de Ecolog\u00eda Aplicada del Litoral (CONICET-UNNE), de Corrientes, <strong><em>lograron muestrear e identificar granos de polen y esporas f\u00f3siles<\/em><\/strong> de diferentes plantas y hongos que habitaron los alrededores de un pantano cerca de la ciudad de San Pedro, provincia de Buenos Aires, hace unos 700.000 a\u00f1os.<\/p>\n\n\n\n<figure class=\"wp-block-image\"><img decoding=\"async\" width=\"516\" height=\"370\" data-attachment-id=\"47823\" data-permalink=\"https:\/\/eldiariodesanpedro.com.ar\/sitio\/museo-paleontologico-descubren-polen-y-esporas-fosilizadas-entre-las-patas-de-armadillos-prehistoricos\/espora-de-hongo-alternaria\/\" data-orig-file=\"https:\/\/eldiariodesanpedro.com.ar\/sitio\/wp-content\/uploads\/2019\/02\/Espora-de-hongo-Alternaria.jpg\" data-orig-size=\"516,370\" data-comments-opened=\"1\" data-image-meta=\"{&quot;aperture&quot;:&quot;3.6&quot;,&quot;credit&quot;:&quot;&quot;,&quot;camera&quot;:&quot;SP350&quot;,&quot;caption&quot;:&quot;OLYMPUS DIGITAL CAMERA&quot;,&quot;created_timestamp&quot;:&quot;-62169984000&quot;,&quot;copyright&quot;:&quot;&quot;,&quot;focal_length&quot;:&quot;14.3&quot;,&quot;iso&quot;:&quot;100&quot;,&quot;shutter_speed&quot;:&quot;0.125&quot;,&quot;title&quot;:&quot;OLYMPUS DIGITAL CAMERA&quot;,&quot;orientation&quot;:&quot;1&quot;}\" data-image-title=\"Espora de hongo-Alternaria\" data-image-description=\"\" data-image-caption=\"&lt;p&gt;OLYMPUS DIGITAL CAMERA&lt;\/p&gt;\n\" data-large-file=\"https:\/\/eldiariodesanpedro.com.ar\/sitio\/wp-content\/uploads\/2019\/02\/Espora-de-hongo-Alternaria.jpg\" data-src=\"https:\/\/eldiariodesanpedro.com.ar\/sitio\/wp-content\/uploads\/2019\/02\/Espora-de-hongo-Alternaria.jpg\" alt=\"\" class=\"wp-image-47823 lazyload\" data-srcset=\"https:\/\/eldiariodesanpedro.com.ar\/sitio\/wp-content\/uploads\/2019\/02\/Espora-de-hongo-Alternaria.jpg 516w, https:\/\/eldiariodesanpedro.com.ar\/sitio\/wp-content\/uploads\/2019\/02\/Espora-de-hongo-Alternaria-300x215.jpg 300w\" data-sizes=\"(max-width: 516px) 100vw, 516px\" src=\"data:image\/svg+xml;base64,PHN2ZyB3aWR0aD0iMSIgaGVpZ2h0PSIxIiB4bWxucz0iaHR0cDovL3d3dy53My5vcmcvMjAwMC9zdmciPjwvc3ZnPg==\" style=\"--smush-placeholder-width: 516px; --smush-placeholder-aspect-ratio: 516\/370;\" \/><figcaption>OLYMPUS DIGITAL CAMERA<\/figcaption><\/figure>\n\n\n\n<p>El\ndescubrimiento, que tiene diferentes facetas de inter\u00e9s cient\u00edfico, comenz\u00f3 en\njunio de 2017 con el hallazgo de un grupo de armadillos gigantes o\ngliptodontes, que fueron extra\u00eddos en el predio de la empresa Tosquera San\nPedro SA.<\/p>\n\n\n\n<p>All\u00ed se lograron recuperar\nrestos de tres ejemplares adultos y un juvenil en etapa de desarrollo; siendo\neste \u00faltimo uno de los ejemplares de la especie m\u00e1s completos que se conocen en\nArgentina. <\/p>\n\n\n\n<p>Los datos arrojados por los\nf\u00f3siles y el an\u00e1lisis del sedimento donde se encontraban, condujeron a los\ninvestigadores a&nbsp; comprender que aquellos\npesados animales hab\u00edan muerto en &nbsp;un\nantiguo pantano o humedal que exist\u00eda en la zona y que actuaba como \u201ctrampa\nnatural\u201d cuando los grandes herb\u00edvoros se acercaban en busca de agua o comida.<\/p>\n\n\n\n<p>Una vez comprendidas las\ncaracter\u00edsticas del ambiente que habitaron aquellos animales de unos 1.500\nkilogramos de peso, se realiz\u00f3 un muestreo del barro consolidado que el\nejemplar juvenil (el m\u00e1s completo) ten\u00eda entre sus patas. La intenci\u00f3n del\nequipo de investigaci\u00f3n era la de efectuar una b\u00fasqueda microsc\u00f3pica de\nelementos que permitieran determinar y corroborar el\ntipo de ambiente y conocer la flora que hab\u00eda coexistido con aquellos animales\nprehist\u00f3ricos.<\/p>\n\n\n\n<p>La extracci\u00f3n de los armadillos\ny el muestreo de los sedimentos estuvieron a cargo del equipo del Museo de San\nPedro, mientras que la b\u00fasqueda e identificaci\u00f3n de los granos de polen y\nesporas fue realizada por el laboratorio del\nCECOAL, en Corrientes, bajo la direcci\u00f3n del <strong>Dr. Lionel Pacella<\/strong> y la <strong>Lic.\nClaudia Lovera<\/strong>, integrantes del grupo de Paleoambientes Continentales y Palinolog\u00eda, respectivamente,\nde dicho centro de investigaci\u00f3n.<\/p>\n\n\n\n<figure class=\"wp-block-image\"><img decoding=\"async\" width=\"671\" height=\"670\" data-attachment-id=\"47822\" data-permalink=\"https:\/\/eldiariodesanpedro.com.ar\/sitio\/museo-paleontologico-descubren-polen-y-esporas-fosilizadas-entre-las-patas-de-armadillos-prehistoricos\/chenopodiaceae-polen\/\" data-orig-file=\"https:\/\/eldiariodesanpedro.com.ar\/sitio\/wp-content\/uploads\/2019\/02\/Chenopodiaceae-polen.jpg\" data-orig-size=\"671,670\" data-comments-opened=\"1\" data-image-meta=\"{&quot;aperture&quot;:&quot;0&quot;,&quot;credit&quot;:&quot;Cliente&quot;,&quot;camera&quot;:&quot;&quot;,&quot;caption&quot;:&quot;&quot;,&quot;created_timestamp&quot;:&quot;1550489638&quot;,&quot;copyright&quot;:&quot;&quot;,&quot;focal_length&quot;:&quot;0&quot;,&quot;iso&quot;:&quot;0&quot;,&quot;shutter_speed&quot;:&quot;0&quot;,&quot;title&quot;:&quot;&quot;,&quot;orientation&quot;:&quot;0&quot;}\" data-image-title=\"Chenopodiaceae-polen\" data-image-description=\"\" data-image-caption=\"\" data-large-file=\"https:\/\/eldiariodesanpedro.com.ar\/sitio\/wp-content\/uploads\/2019\/02\/Chenopodiaceae-polen.jpg\" data-src=\"https:\/\/eldiariodesanpedro.com.ar\/sitio\/wp-content\/uploads\/2019\/02\/Chenopodiaceae-polen.jpg\" alt=\"\" class=\"wp-image-47822 lazyload\" data-srcset=\"https:\/\/eldiariodesanpedro.com.ar\/sitio\/wp-content\/uploads\/2019\/02\/Chenopodiaceae-polen.jpg 671w, https:\/\/eldiariodesanpedro.com.ar\/sitio\/wp-content\/uploads\/2019\/02\/Chenopodiaceae-polen-150x150.jpg 150w, https:\/\/eldiariodesanpedro.com.ar\/sitio\/wp-content\/uploads\/2019\/02\/Chenopodiaceae-polen-300x300.jpg 300w\" data-sizes=\"(max-width: 671px) 100vw, 671px\" src=\"data:image\/svg+xml;base64,PHN2ZyB3aWR0aD0iMSIgaGVpZ2h0PSIxIiB4bWxucz0iaHR0cDovL3d3dy53My5vcmcvMjAwMC9zdmciPjwvc3ZnPg==\" style=\"--smush-placeholder-width: 671px; --smush-placeholder-aspect-ratio: 671\/670;\" \/><\/figure>\n\n\n\n<p>All\u00ed se lograron separar e\nidentificar los diminutos granos de polen y esporas f\u00f3siles correspondientes a diferentes familias de angiospermas (plantas con flores), esporas de\nhongos y restos de algas microsc\u00f3picas que <strong><em>estar\u00edan indicando que se trataba de un\nambiente de estepa formada por plantas herb\u00e1ceas, de suelos arenosos,\nrelacionada con cuerpos de agua cercanos. <\/em><\/strong><\/p>\n\n\n\n<p>Entre\nlas esporas halladas se observaron de hongos como <strong><em>Alternaria<\/em><\/strong> y <strong><em>Cladosporium<\/em><\/strong>\njunto a otras de diferentes <strong><em>algas microsc\u00f3picas<\/em><\/strong>;&nbsp; y se individualizaron granos de polen de las\nfamilias <strong><em>Chenopodiaceae<\/em><\/strong> y <strong><em>Poaceae<\/em><\/strong>. <\/p>\n\n\n\n<figure class=\"wp-block-image\"><img decoding=\"async\" width=\"627\" height=\"626\" data-attachment-id=\"47821\" data-permalink=\"https:\/\/eldiariodesanpedro.com.ar\/sitio\/museo-paleontologico-descubren-polen-y-esporas-fosilizadas-entre-las-patas-de-armadillos-prehistoricos\/poaceae-polen\/\" data-orig-file=\"https:\/\/eldiariodesanpedro.com.ar\/sitio\/wp-content\/uploads\/2019\/02\/Poaceae-polen.jpg\" data-orig-size=\"627,626\" data-comments-opened=\"1\" data-image-meta=\"{&quot;aperture&quot;:&quot;0&quot;,&quot;credit&quot;:&quot;Cliente&quot;,&quot;camera&quot;:&quot;&quot;,&quot;caption&quot;:&quot;&quot;,&quot;created_timestamp&quot;:&quot;1550489638&quot;,&quot;copyright&quot;:&quot;&quot;,&quot;focal_length&quot;:&quot;0&quot;,&quot;iso&quot;:&quot;0&quot;,&quot;shutter_speed&quot;:&quot;0&quot;,&quot;title&quot;:&quot;&quot;,&quot;orientation&quot;:&quot;0&quot;}\" data-image-title=\"Poaceae-polen\" data-image-description=\"\" data-image-caption=\"\" data-large-file=\"https:\/\/eldiariodesanpedro.com.ar\/sitio\/wp-content\/uploads\/2019\/02\/Poaceae-polen.jpg\" data-src=\"https:\/\/eldiariodesanpedro.com.ar\/sitio\/wp-content\/uploads\/2019\/02\/Poaceae-polen.jpg\" alt=\"\" class=\"wp-image-47821 lazyload\" data-srcset=\"https:\/\/eldiariodesanpedro.com.ar\/sitio\/wp-content\/uploads\/2019\/02\/Poaceae-polen.jpg 627w, https:\/\/eldiariodesanpedro.com.ar\/sitio\/wp-content\/uploads\/2019\/02\/Poaceae-polen-150x150.jpg 150w, https:\/\/eldiariodesanpedro.com.ar\/sitio\/wp-content\/uploads\/2019\/02\/Poaceae-polen-300x300.jpg 300w\" data-sizes=\"(max-width: 627px) 100vw, 627px\" src=\"data:image\/svg+xml;base64,PHN2ZyB3aWR0aD0iMSIgaGVpZ2h0PSIxIiB4bWxucz0iaHR0cDovL3d3dy53My5vcmcvMjAwMC9zdmciPjwvc3ZnPg==\" style=\"--smush-placeholder-width: 627px; --smush-placeholder-aspect-ratio: 627\/626;\" \/><\/figure>\n\n\n\n<p><strong>Jos\u00e9\nLuis Aguilar<\/strong>, fundador\ndel Museo Paleontol\u00f3gico de San Pedro e integrante del equipo que descubri\u00f3 los\nf\u00f3siles, explica que \u201c<strong><em>este hallazgo es un hecho muy particular debido a\nsu estrecha asociaci\u00f3n con megafauna de la edad Ensenadense, que es la\nantig\u00fcedad de los sedimentos portadores. Sabemos que la zona estaba ocupada por\nun extenso humedal colmado de vida. Hasta hoy se han recuperado f\u00f3siles de ciertas\nespecies de armadillos gigantes y tambi\u00e9n peque\u00f1os, un animal llamado\nmacrauchenia, un yaguaret\u00e9, mastodontes y una especie nueva de perezoso gigante\na la que se bautiz\u00f3 con el nombre de la ciudad, Archaeomlodon sampedrinensis. <\/em><\/strong><\/p>\n\n\n\n<p><strong><em>Sin dudas, el estado de conservaci\u00f3n\ndel ejemplar de armadillo f\u00f3sil que se muestre\u00f3 y la pericia del equipo de\nCECOAL que analiz\u00f3 las muestras, incidi\u00f3 para que se lograran resultados\npositivos en esta b\u00fasqueda microsc\u00f3pica.<\/em><\/strong><\/p>\n\n\n\n<p><strong><em>Esta etapa de la reconstrucci\u00f3n de aquel ambiente prehist\u00f3rico nos ha aportado esta sorpresa que nos permite recrear, al menos en parte, la diversidad de flora que serv\u00eda de alimento a los grandes herb\u00edvoros presentes en ese antiguo ecosistema<\/em><\/strong><em>\u201d<\/em>. &nbsp;&nbsp;&nbsp;<\/p>\n\n\n\n<figure class=\"wp-block-image\"><img decoding=\"async\" width=\"437\" height=\"416\" data-attachment-id=\"47818\" data-permalink=\"https:\/\/eldiariodesanpedro.com.ar\/sitio\/museo-paleontologico-descubren-polen-y-esporas-fosilizadas-entre-las-patas-de-armadillos-prehistoricos\/espora-de-hongo-cladosporium\/\" data-orig-file=\"https:\/\/eldiariodesanpedro.com.ar\/sitio\/wp-content\/uploads\/2019\/02\/Espora-de-hongo-Cladosporium.jpg\" data-orig-size=\"437,416\" data-comments-opened=\"1\" data-image-meta=\"{&quot;aperture&quot;:&quot;2.2&quot;,&quot;credit&quot;:&quot;&quot;,&quot;camera&quot;:&quot;LG-M700&quot;,&quot;caption&quot;:&quot;&quot;,&quot;created_timestamp&quot;:&quot;1534947690&quot;,&quot;copyright&quot;:&quot;&quot;,&quot;focal_length&quot;:&quot;3.701&quot;,&quot;iso&quot;:&quot;50&quot;,&quot;shutter_speed&quot;:&quot;0.008130081300813&quot;,&quot;title&quot;:&quot;&quot;,&quot;orientation&quot;:&quot;6&quot;}\" data-image-title=\"Espora de hongo-Cladosporium\" data-image-description=\"\" data-image-caption=\"\" data-large-file=\"https:\/\/eldiariodesanpedro.com.ar\/sitio\/wp-content\/uploads\/2019\/02\/Espora-de-hongo-Cladosporium.jpg\" data-src=\"https:\/\/eldiariodesanpedro.com.ar\/sitio\/wp-content\/uploads\/2019\/02\/Espora-de-hongo-Cladosporium.jpg\" alt=\"\" class=\"wp-image-47818 lazyload\" data-srcset=\"https:\/\/eldiariodesanpedro.com.ar\/sitio\/wp-content\/uploads\/2019\/02\/Espora-de-hongo-Cladosporium.jpg 437w, https:\/\/eldiariodesanpedro.com.ar\/sitio\/wp-content\/uploads\/2019\/02\/Espora-de-hongo-Cladosporium-300x286.jpg 300w\" data-sizes=\"(max-width: 437px) 100vw, 437px\" src=\"data:image\/svg+xml;base64,PHN2ZyB3aWR0aD0iMSIgaGVpZ2h0PSIxIiB4bWxucz0iaHR0cDovL3d3dy53My5vcmcvMjAwMC9zdmciPjwvc3ZnPg==\" style=\"--smush-placeholder-width: 437px; --smush-placeholder-aspect-ratio: 437\/416;\" \/><\/figure>\n\n\n\n<figure class=\"wp-block-image\"><img decoding=\"async\" width=\"778\" height=\"584\" data-attachment-id=\"47819\" data-permalink=\"https:\/\/eldiariodesanpedro.com.ar\/sitio\/museo-paleontologico-descubren-polen-y-esporas-fosilizadas-entre-las-patas-de-armadillos-prehistoricos\/esporas-de-algas-microscopicas\/\" data-orig-file=\"https:\/\/eldiariodesanpedro.com.ar\/sitio\/wp-content\/uploads\/2019\/02\/Esporas-de-algas-microsc\u00f3picas.jpg\" data-orig-size=\"778,584\" data-comments-opened=\"1\" data-image-meta=\"{&quot;aperture&quot;:&quot;4.9&quot;,&quot;credit&quot;:&quot;Usuario BGH&quot;,&quot;camera&quot;:&quot;Canon PowerShot S50&quot;,&quot;caption&quot;:&quot;&quot;,&quot;created_timestamp&quot;:&quot;1525863559&quot;,&quot;copyright&quot;:&quot;&quot;,&quot;focal_length&quot;:&quot;21.3125&quot;,&quot;iso&quot;:&quot;0&quot;,&quot;shutter_speed&quot;:&quot;0.125&quot;,&quot;title&quot;:&quot;&quot;,&quot;orientation&quot;:&quot;1&quot;}\" data-image-title=\"Esporas de algas microsc\u00f3picas\" data-image-description=\"\" data-image-caption=\"\" data-large-file=\"https:\/\/eldiariodesanpedro.com.ar\/sitio\/wp-content\/uploads\/2019\/02\/Esporas-de-algas-microsc\u00f3picas.jpg\" data-src=\"https:\/\/eldiariodesanpedro.com.ar\/sitio\/wp-content\/uploads\/2019\/02\/Esporas-de-algas-microsc\u00f3picas.jpg\" alt=\"\" class=\"wp-image-47819 lazyload\" data-srcset=\"https:\/\/eldiariodesanpedro.com.ar\/sitio\/wp-content\/uploads\/2019\/02\/Esporas-de-algas-microsc\u00f3picas.jpg 778w, https:\/\/eldiariodesanpedro.com.ar\/sitio\/wp-content\/uploads\/2019\/02\/Esporas-de-algas-microsc\u00f3picas-300x225.jpg 300w, https:\/\/eldiariodesanpedro.com.ar\/sitio\/wp-content\/uploads\/2019\/02\/Esporas-de-algas-microsc\u00f3picas-768x576.jpg 768w\" data-sizes=\"(max-width: 778px) 100vw, 778px\" src=\"data:image\/svg+xml;base64,PHN2ZyB3aWR0aD0iMSIgaGVpZ2h0PSIxIiB4bWxucz0iaHR0cDovL3d3dy53My5vcmcvMjAwMC9zdmciPjwvc3ZnPg==\" style=\"--smush-placeholder-width: 778px; --smush-placeholder-aspect-ratio: 778\/584;\" \/><\/figure>\n\n\n\n<figure class=\"wp-block-image\"><img decoding=\"async\" width=\"784\" height=\"569\" data-attachment-id=\"47820\" data-permalink=\"https:\/\/eldiariodesanpedro.com.ar\/sitio\/museo-paleontologico-descubren-polen-y-esporas-fosilizadas-entre-las-patas-de-armadillos-prehistoricos\/esporas-de-hongo-2\/\" data-orig-file=\"https:\/\/eldiariodesanpedro.com.ar\/sitio\/wp-content\/uploads\/2019\/02\/Esporas-de-hongo-2.jpg\" data-orig-size=\"784,569\" data-comments-opened=\"1\" data-image-meta=\"{&quot;aperture&quot;:&quot;3.6&quot;,&quot;credit&quot;:&quot;&quot;,&quot;camera&quot;:&quot;SP350&quot;,&quot;caption&quot;:&quot;OLYMPUS DIGITAL CAMERA&quot;,&quot;created_timestamp&quot;:&quot;-62169984000&quot;,&quot;copyright&quot;:&quot;&quot;,&quot;focal_length&quot;:&quot;14.3&quot;,&quot;iso&quot;:&quot;105&quot;,&quot;shutter_speed&quot;:&quot;0.5&quot;,&quot;title&quot;:&quot;OLYMPUS DIGITAL CAMERA&quot;,&quot;orientation&quot;:&quot;1&quot;}\" data-image-title=\"Esporas de hongo (2)\" data-image-description=\"\" data-image-caption=\"&lt;p&gt;OLYMPUS DIGITAL CAMERA&lt;\/p&gt;\n\" data-large-file=\"https:\/\/eldiariodesanpedro.com.ar\/sitio\/wp-content\/uploads\/2019\/02\/Esporas-de-hongo-2.jpg\" data-src=\"https:\/\/eldiariodesanpedro.com.ar\/sitio\/wp-content\/uploads\/2019\/02\/Esporas-de-hongo-2.jpg\" alt=\"\" class=\"wp-image-47820 lazyload\" data-srcset=\"https:\/\/eldiariodesanpedro.com.ar\/sitio\/wp-content\/uploads\/2019\/02\/Esporas-de-hongo-2.jpg 784w, https:\/\/eldiariodesanpedro.com.ar\/sitio\/wp-content\/uploads\/2019\/02\/Esporas-de-hongo-2-300x218.jpg 300w, https:\/\/eldiariodesanpedro.com.ar\/sitio\/wp-content\/uploads\/2019\/02\/Esporas-de-hongo-2-768x557.jpg 768w\" data-sizes=\"(max-width: 784px) 100vw, 784px\" src=\"data:image\/svg+xml;base64,PHN2ZyB3aWR0aD0iMSIgaGVpZ2h0PSIxIiB4bWxucz0iaHR0cDovL3d3dy53My5vcmcvMjAwMC9zdmciPjwvc3ZnPg==\" style=\"--smush-placeholder-width: 784px; --smush-placeholder-aspect-ratio: 784\/569;\" \/><figcaption>OLYMPUS DIGITAL CAMERA<\/figcaption><\/figure>\n\n\n\n<p>Las diferentes familias de\nhongos, algas y plantas de flor, que fueron identificadas en las muestras de\nsedimentos extra\u00eddas de las patas de los armadillos gigantes de 700.000 a\u00f1os de\nantig\u00fcedad descubiertos por el Museo Paleontol\u00f3gico de San Pedro, representa una\nexcelente oportunidad que permite reconstruir con elementos concretos c\u00f3mo era el\nambiente y la flora de la zona del hallazgo hace m\u00e1s de medio mill\u00f3n de a\u00f1os.<\/p>\n","protected":false},"excerpt":{"rendered":"<p>El hallazgo fue realizado a 5 kil\u00f3metros de la ciudad de San Pedro en sedimentos de 700.000 a\u00f1os. Es un hecho in\u00e9dito por estar asociado a megafauna de esa antig\u00fcedad. El Grupo Conservacionista de F\u00f3siles, equipo del Museo Paleontol\u00f3gico de San Pedro, junto al Centro de Ecolog\u00eda Aplicada del Litoral (CONICET-UNNE), de Corrientes, lograron muestrear [&hellip;]<\/p>\n","protected":false},"author":4,"featured_media":47819,"comment_status":"open","ping_status":"closed","sticky":false,"template":"","format":"standard","meta":{"om_disable_all_campaigns":false,"_jetpack_memberships_contains_paid_content":false,"footnotes":""},"categories":[101,2],"tags":[],"class_list":["post-47817","post","type-post","status-publish","format-standard","has-post-thumbnail","hentry","category-interes-general-locales","category-locales"],"aioseo_notices":[],"gutentor_comment":0,"jetpack_featured_media_url":"https:\/\/eldiariodesanpedro.com.ar\/sitio\/wp-content\/uploads\/2019\/02\/Esporas-de-algas-microsc\u00f3picas.jpg","jetpack_shortlink":"https:\/\/wp.me\/p6RhLt-crf","jetpack_sharing_enabled":true,"_links":{"self":[{"href":"https:\/\/eldiariodesanpedro.com.ar\/sitio\/wp-json\/wp\/v2\/posts\/47817","targetHints":{"allow":["GET"]}}],"collection":[{"href":"https:\/\/eldiariodesanpedro.com.ar\/sitio\/wp-json\/wp\/v2\/posts"}],"about":[{"href":"https:\/\/eldiariodesanpedro.com.ar\/sitio\/wp-json\/wp\/v2\/types\/post"}],"author":[{"embeddable":true,"href":"https:\/\/eldiariodesanpedro.com.ar\/sitio\/wp-json\/wp\/v2\/users\/4"}],"replies":[{"embeddable":true,"href":"https:\/\/eldiariodesanpedro.com.ar\/sitio\/wp-json\/wp\/v2\/comments?post=47817"}],"version-history":[{"count":1,"href":"https:\/\/eldiariodesanpedro.com.ar\/sitio\/wp-json\/wp\/v2\/posts\/47817\/revisions"}],"predecessor-version":[{"id":47824,"href":"https:\/\/eldiariodesanpedro.com.ar\/sitio\/wp-json\/wp\/v2\/posts\/47817\/revisions\/47824"}],"wp:featuredmedia":[{"embeddable":true,"href":"https:\/\/eldiariodesanpedro.com.ar\/sitio\/wp-json\/wp\/v2\/media\/47819"}],"wp:attachment":[{"href":"https:\/\/eldiariodesanpedro.com.ar\/sitio\/wp-json\/wp\/v2\/media?parent=47817"}],"wp:term":[{"taxonomy":"category","embeddable":true,"href":"https:\/\/eldiariodesanpedro.com.ar\/sitio\/wp-json\/wp\/v2\/categories?post=47817"},{"taxonomy":"post_tag","embeddable":true,"href":"https:\/\/eldiariodesanpedro.com.ar\/sitio\/wp-json\/wp\/v2\/tags?post=47817"}],"curies":[{"name":"wp","href":"https:\/\/api.w.org\/{rel}","templated":true}]}}