{"id":47812,"date":"2019-02-18T18:50:17","date_gmt":"2019-02-18T21:50:17","guid":{"rendered":"https:\/\/eldiariodesanpedro.com.ar\/sitio\/?p=47812"},"modified":"2019-02-18T18:50:27","modified_gmt":"2019-02-18T21:50:27","slug":"arriba-un-buque-al-puerto-san-pedro-con-destino-a-rusia","status":"publish","type":"post","link":"https:\/\/eldiariodesanpedro.com.ar\/sitio\/arriba-un-buque-al-puerto-san-pedro-con-destino-a-rusia\/","title":{"rendered":"Arriba un buque al Puerto San Pedro con destino a Rusia"},"content":{"rendered":"<!-- VideographyWP Plugin Message: Automatic video embedding prevented by plugin options. -->\n\n<p>Desde el Consorcio de Gesti\u00f3n del Puerto San Pedro se comunic\u00f3 el arribo del primer buque del a\u00f1o, hoy lunes 21, de un buque denominado \u201cPola Onega\u201d de bandera de Malta.<\/p>\n\n\n\n<p>El barco de 180 metros de eslora y operar\u00e1 en el muelle elevador, en donde cargar\u00e1 30500 toneladas aproximadamente de soja a granel con destino a Rusia.<\/p>\n","protected":false},"excerpt":{"rendered":"<p>Desde el Consorcio de Gesti\u00f3n del Puerto San Pedro se comunic\u00f3 el arribo del primer buque del a\u00f1o, hoy lunes 21, de un buque denominado \u201cPola Onega\u201d de bandera de Malta. El barco de 180 metros de eslora y operar\u00e1 en el muelle elevador, en donde cargar\u00e1 30500 toneladas aproximadamente de soja a granel con [&hellip;]<\/p>\n","protected":false},"author":4,"featured_media":47813,"comment_status":"open","ping_status":"closed","sticky":false,"template":"","format":"standard","meta":{"om_disable_all_campaigns":false,"_jetpack_memberships_contains_paid_content":false,"footnotes":""},"categories":[101,2],"tags":[],"class_list":["post-47812","post","type-post","status-publish","format-standard","has-post-thumbnail","hentry","category-interes-general-locales","category-locales"],"aioseo_notices":[],"gutentor_comment":0,"jetpack_featured_media_url":"https:\/\/eldiariodesanpedro.com.ar\/sitio\/wp-content\/uploads\/2019\/02\/1-1.jpg","jetpack_shortlink":"https:\/\/wp.me\/p6RhLt-cra","jetpack_sharing_enabled":true,"_links":{"self":[{"href":"https:\/\/eldiariodesanpedro.com.ar\/sitio\/wp-json\/wp\/v2\/posts\/47812","targetHints":{"allow":["GET"]}}],"collection":[{"href":"https:\/\/eldiariodesanpedro.com.ar\/sitio\/wp-json\/wp\/v2\/posts"}],"about":[{"href":"https:\/\/eldiariodesanpedro.com.ar\/sitio\/wp-json\/wp\/v2\/types\/post"}],"author":[{"embeddable":true,"href":"https:\/\/eldiariodesanpedro.com.ar\/sitio\/wp-json\/wp\/v2\/users\/4"}],"replies":[{"embeddable":true,"href":"https:\/\/eldiariodesanpedro.com.ar\/sitio\/wp-json\/wp\/v2\/comments?post=47812"}],"version-history":[{"count":1,"href":"https:\/\/eldiariodesanpedro.com.ar\/sitio\/wp-json\/wp\/v2\/posts\/47812\/revisions"}],"predecessor-version":[{"id":47814,"href":"https:\/\/eldiariodesanpedro.com.ar\/sitio\/wp-json\/wp\/v2\/posts\/47812\/revisions\/47814"}],"wp:featuredmedia":[{"embeddable":true,"href":"https:\/\/eldiariodesanpedro.com.ar\/sitio\/wp-json\/wp\/v2\/media\/47813"}],"wp:attachment":[{"href":"https:\/\/eldiariodesanpedro.com.ar\/sitio\/wp-json\/wp\/v2\/media?parent=47812"}],"wp:term":[{"taxonomy":"category","embeddable":true,"href":"https:\/\/eldiariodesanpedro.com.ar\/sitio\/wp-json\/wp\/v2\/categories?post=47812"},{"taxonomy":"post_tag","embeddable":true,"href":"https:\/\/eldiariodesanpedro.com.ar\/sitio\/wp-json\/wp\/v2\/tags?post=47812"}],"curies":[{"name":"wp","href":"https:\/\/api.w.org\/{rel}","templated":true}]}}