{"id":47810,"date":"2019-02-18T18:19:33","date_gmt":"2019-02-18T21:19:33","guid":{"rendered":"https:\/\/eldiariodesanpedro.com.ar\/sitio\/?p=47810"},"modified":"2019-02-18T18:19:39","modified_gmt":"2019-02-18T21:19:39","slug":"varias-delegaciones-sin-servicio-electrico","status":"publish","type":"post","link":"https:\/\/eldiariodesanpedro.com.ar\/sitio\/varias-delegaciones-sin-servicio-electrico\/","title":{"rendered":"Varias delegaciones sin servicio el\u00e9ctrico"},"content":{"rendered":"<!-- VideographyWP Plugin Message: Automatic video embedding prevented by plugin options. -->\n\n<p>Desde COOPSER informaron que por diversas \u00abfallas\u00bb en un transformador de Transba, ocasiona que no se pueda alimentar toda la demanda de todo el partido de San Pedro, por este motivo, las delegaciones de Rio Tala, Gobernador Castro y Santa Luc\u00eda, est\u00e1n sin servicio, seg\u00fan manifest\u00f3 Transba, en 1 hora m\u00e1s estar\u00eda solucionado el problema.<br><\/p>\n","protected":false},"excerpt":{"rendered":"<p>Desde COOPSER informaron que por diversas \u00abfallas\u00bb en un transformador de Transba, ocasiona que no se pueda alimentar toda la demanda de todo el partido de San Pedro, por este motivo, las delegaciones de Rio Tala, Gobernador Castro y Santa Luc\u00eda, est\u00e1n sin servicio, seg\u00fan manifest\u00f3 Transba, en 1 hora m\u00e1s estar\u00eda solucionado el problema.<\/p>\n","protected":false},"author":4,"featured_media":25525,"comment_status":"open","ping_status":"closed","sticky":false,"template":"","format":"standard","meta":{"om_disable_all_campaigns":false,"_jetpack_memberships_contains_paid_content":false,"footnotes":""},"categories":[101,2],"tags":[],"class_list":["post-47810","post","type-post","status-publish","format-standard","has-post-thumbnail","hentry","category-interes-general-locales","category-locales"],"aioseo_notices":[],"gutentor_comment":0,"jetpack_featured_media_url":"https:\/\/eldiariodesanpedro.com.ar\/sitio\/wp-content\/uploads\/2017\/11\/Transba-transformador.jpg","jetpack_shortlink":"https:\/\/wp.me\/p6RhLt-cr8","jetpack_sharing_enabled":true,"_links":{"self":[{"href":"https:\/\/eldiariodesanpedro.com.ar\/sitio\/wp-json\/wp\/v2\/posts\/47810","targetHints":{"allow":["GET"]}}],"collection":[{"href":"https:\/\/eldiariodesanpedro.com.ar\/sitio\/wp-json\/wp\/v2\/posts"}],"about":[{"href":"https:\/\/eldiariodesanpedro.com.ar\/sitio\/wp-json\/wp\/v2\/types\/post"}],"author":[{"embeddable":true,"href":"https:\/\/eldiariodesanpedro.com.ar\/sitio\/wp-json\/wp\/v2\/users\/4"}],"replies":[{"embeddable":true,"href":"https:\/\/eldiariodesanpedro.com.ar\/sitio\/wp-json\/wp\/v2\/comments?post=47810"}],"version-history":[{"count":1,"href":"https:\/\/eldiariodesanpedro.com.ar\/sitio\/wp-json\/wp\/v2\/posts\/47810\/revisions"}],"predecessor-version":[{"id":47811,"href":"https:\/\/eldiariodesanpedro.com.ar\/sitio\/wp-json\/wp\/v2\/posts\/47810\/revisions\/47811"}],"wp:featuredmedia":[{"embeddable":true,"href":"https:\/\/eldiariodesanpedro.com.ar\/sitio\/wp-json\/wp\/v2\/media\/25525"}],"wp:attachment":[{"href":"https:\/\/eldiariodesanpedro.com.ar\/sitio\/wp-json\/wp\/v2\/media?parent=47810"}],"wp:term":[{"taxonomy":"category","embeddable":true,"href":"https:\/\/eldiariodesanpedro.com.ar\/sitio\/wp-json\/wp\/v2\/categories?post=47810"},{"taxonomy":"post_tag","embeddable":true,"href":"https:\/\/eldiariodesanpedro.com.ar\/sitio\/wp-json\/wp\/v2\/tags?post=47810"}],"curies":[{"name":"wp","href":"https:\/\/api.w.org\/{rel}","templated":true}]}}