{"id":47806,"date":"2019-02-18T12:22:01","date_gmt":"2019-02-18T15:22:01","guid":{"rendered":"https:\/\/eldiariodesanpedro.com.ar\/sitio\/?p=47806"},"modified":"2019-02-18T12:22:09","modified_gmt":"2019-02-18T15:22:09","slug":"primera-campana-local-de-deteccion-y-prevencion-del-cancer-colorrectal","status":"publish","type":"post","link":"https:\/\/eldiariodesanpedro.com.ar\/sitio\/primera-campana-local-de-deteccion-y-prevencion-del-cancer-colorrectal\/","title":{"rendered":"Primera campa\u00f1a local de detecci\u00f3n y prevenci\u00f3n del c\u00e1ncer colorrectal"},"content":{"rendered":"<!-- VideographyWP Plugin Message: Automatic video embedding prevented by plugin options. -->\n\n<p> La Municipalidad de San Pedro a trav\u00e9s de la Secretar\u00eda de Salud, los Hospitales y Centros de Salud del Partido implementar\u00e1, por primera vez desde la Salud P\u00fablica local, una campa\u00f1a de prevenci\u00f3n y detecci\u00f3n del c\u00e1ncer colorrectal adhiriendo a la Campa\u00f1a Nacional que se viene realizando desde hace algunos a\u00f1os.\u00a0\u00a0<\/p>\n\n\n\n<p>Articulando con las autoridades nacionales y provinciales, el Instituto Nacional del C\u00e1ncer y a nivel local organizaciones relacionadas con el tema, se difundir\u00e1n con intensidad los aspectos salientes de la enfermedad, c\u00f3mo prevenirla, detectarla y tratarla.\u00a0<\/p>\n\n\n\n<p>Con el eslogan \u201cPrevenir es Vivir\u201d, durante el mes de marzo, (instituido como el mes de la difusi\u00f3n de esta enfermedad), se har\u00e1 p\u00fablico un diagrama de entrega de kits que ya est\u00e1n siendo armados, y un calendario para realizar los ex\u00e1menes. Con los resultados, se le dar\u00e1 a cada caso el seguimiento correspondiente.\u00a0<\/p>\n\n\n\n<p>El c\u00e1ncer colorrectal (CCR) es el segundo c\u00e1ncer m\u00e1s frecuente en nuestro pa\u00eds. Por a\u00f1o se diagnostican m\u00e1s de 15.600 nuevos casos y mueren m\u00e1s de 7.000 personas. El Programa Nacional de Prevenci\u00f3n y Detecci\u00f3n Temprana del C\u00e1ncer Colorrectal (PNCCR) fue creado con el objetivo de disminuir la incidencia de esta enfermedad y su tasa de mortalidad en la Argentina.<br><\/p>\n\n\n\n<figure class=\"wp-block-image\"><img decoding=\"async\" width=\"508\" height=\"384\" data-attachment-id=\"47807\" data-permalink=\"https:\/\/eldiariodesanpedro.com.ar\/sitio\/primera-campana-local-de-deteccion-y-prevencion-del-cancer-colorrectal\/colorrectal\/\" data-orig-file=\"https:\/\/eldiariodesanpedro.com.ar\/sitio\/wp-content\/uploads\/2019\/02\/colorrectal.jpg\" data-orig-size=\"508,384\" data-comments-opened=\"1\" data-image-meta=\"{&quot;aperture&quot;:&quot;0&quot;,&quot;credit&quot;:&quot;&quot;,&quot;camera&quot;:&quot;&quot;,&quot;caption&quot;:&quot;&quot;,&quot;created_timestamp&quot;:&quot;0&quot;,&quot;copyright&quot;:&quot;&quot;,&quot;focal_length&quot;:&quot;0&quot;,&quot;iso&quot;:&quot;0&quot;,&quot;shutter_speed&quot;:&quot;0&quot;,&quot;title&quot;:&quot;&quot;,&quot;orientation&quot;:&quot;0&quot;}\" data-image-title=\"colorrectal\" data-image-description=\"\" data-image-caption=\"\" data-large-file=\"https:\/\/eldiariodesanpedro.com.ar\/sitio\/wp-content\/uploads\/2019\/02\/colorrectal.jpg\" data-src=\"https:\/\/eldiariodesanpedro.com.ar\/sitio\/wp-content\/uploads\/2019\/02\/colorrectal.jpg\" alt=\"\" class=\"wp-image-47807 lazyload\" data-srcset=\"https:\/\/eldiariodesanpedro.com.ar\/sitio\/wp-content\/uploads\/2019\/02\/colorrectal.jpg 508w, https:\/\/eldiariodesanpedro.com.ar\/sitio\/wp-content\/uploads\/2019\/02\/colorrectal-300x227.jpg 300w\" data-sizes=\"(max-width: 508px) 100vw, 508px\" src=\"data:image\/svg+xml;base64,PHN2ZyB3aWR0aD0iMSIgaGVpZ2h0PSIxIiB4bWxucz0iaHR0cDovL3d3dy53My5vcmcvMjAwMC9zdmciPjwvc3ZnPg==\" style=\"--smush-placeholder-width: 508px; --smush-placeholder-aspect-ratio: 508\/384;\" \/><\/figure>\n","protected":false},"excerpt":{"rendered":"<p>La Municipalidad de San Pedro a trav\u00e9s de la Secretar\u00eda de Salud, los Hospitales y Centros de Salud del Partido implementar\u00e1, por primera vez desde la Salud P\u00fablica local, una campa\u00f1a de prevenci\u00f3n y detecci\u00f3n del c\u00e1ncer colorrectal adhiriendo a la Campa\u00f1a Nacional que se viene realizando desde hace algunos a\u00f1os.\u00a0\u00a0 Articulando con las autoridades [&hellip;]<\/p>\n","protected":false},"author":4,"featured_media":47808,"comment_status":"open","ping_status":"closed","sticky":false,"template":"","format":"standard","meta":{"om_disable_all_campaigns":false,"_jetpack_memberships_contains_paid_content":false,"footnotes":""},"categories":[101,2],"tags":[],"class_list":["post-47806","post","type-post","status-publish","format-standard","has-post-thumbnail","hentry","category-interes-general-locales","category-locales"],"aioseo_notices":[],"gutentor_comment":0,"jetpack_featured_media_url":"https:\/\/eldiariodesanpedro.com.ar\/sitio\/wp-content\/uploads\/2019\/02\/kits.jpg","jetpack_shortlink":"https:\/\/wp.me\/p6RhLt-cr4","jetpack_sharing_enabled":true,"_links":{"self":[{"href":"https:\/\/eldiariodesanpedro.com.ar\/sitio\/wp-json\/wp\/v2\/posts\/47806","targetHints":{"allow":["GET"]}}],"collection":[{"href":"https:\/\/eldiariodesanpedro.com.ar\/sitio\/wp-json\/wp\/v2\/posts"}],"about":[{"href":"https:\/\/eldiariodesanpedro.com.ar\/sitio\/wp-json\/wp\/v2\/types\/post"}],"author":[{"embeddable":true,"href":"https:\/\/eldiariodesanpedro.com.ar\/sitio\/wp-json\/wp\/v2\/users\/4"}],"replies":[{"embeddable":true,"href":"https:\/\/eldiariodesanpedro.com.ar\/sitio\/wp-json\/wp\/v2\/comments?post=47806"}],"version-history":[{"count":1,"href":"https:\/\/eldiariodesanpedro.com.ar\/sitio\/wp-json\/wp\/v2\/posts\/47806\/revisions"}],"predecessor-version":[{"id":47809,"href":"https:\/\/eldiariodesanpedro.com.ar\/sitio\/wp-json\/wp\/v2\/posts\/47806\/revisions\/47809"}],"wp:featuredmedia":[{"embeddable":true,"href":"https:\/\/eldiariodesanpedro.com.ar\/sitio\/wp-json\/wp\/v2\/media\/47808"}],"wp:attachment":[{"href":"https:\/\/eldiariodesanpedro.com.ar\/sitio\/wp-json\/wp\/v2\/media?parent=47806"}],"wp:term":[{"taxonomy":"category","embeddable":true,"href":"https:\/\/eldiariodesanpedro.com.ar\/sitio\/wp-json\/wp\/v2\/categories?post=47806"},{"taxonomy":"post_tag","embeddable":true,"href":"https:\/\/eldiariodesanpedro.com.ar\/sitio\/wp-json\/wp\/v2\/tags?post=47806"}],"curies":[{"name":"wp","href":"https:\/\/api.w.org\/{rel}","templated":true}]}}