{"id":47803,"date":"2019-02-18T11:48:14","date_gmt":"2019-02-18T14:48:14","guid":{"rendered":"https:\/\/eldiariodesanpedro.com.ar\/sitio\/?p=47803"},"modified":"2019-02-18T11:48:24","modified_gmt":"2019-02-18T14:48:24","slug":"zarate-tragico-hallazgo-en-un-domicilio-hacia-cuatro-dias-que-no-lo-veian-lo-encontraron-muerto","status":"publish","type":"post","link":"https:\/\/eldiariodesanpedro.com.ar\/sitio\/zarate-tragico-hallazgo-en-un-domicilio-hacia-cuatro-dias-que-no-lo-veian-lo-encontraron-muerto\/","title":{"rendered":"Z\u00c1RATE: Tr\u00e1gico hallazgo en un domicilio: hac\u00eda cuatro d\u00edas que no lo ve\u00edan, lo encontraron muerto"},"content":{"rendered":"<!-- VideographyWP Plugin Message: Automatic video embedding prevented by plugin options. -->\n\n<p>Fue en la tarde de este domingo,\u00a0 en calle S\u00edvori al 2000 de Campana, cuando un vecino llam\u00f3 al 911 porque hac\u00eda tres o cuatro d\u00edas que no ve\u00eda a su amigo identificado como Roberto Corz\u00f3n de 75 a\u00f1os, que viv\u00eda solo en la vivienda desde hac\u00eda tres meses, luego que perdiera a su esposa por fallecimiento.<\/p>\n\n\n\n<p>La polic\u00eda logr\u00f3 ingresar a la vivienda recuperando la llave que hab\u00eda quedado puesta del lado de adentro de la puerta de la vivienda. Seg\u00fan su amigo, de 54 a\u00f1os, Corz\u00f3n se encontraba depresivo por la perdida de su se\u00f1ora.<\/p>\n\n\n\n<p>El personal policial no encontr\u00f3 rastros de violencia en ninguna de las puertas ni aberturas de la casa. El cuerpo estaba en la cocina, sentado en una silla , ya en estado de putrefacci\u00f3n sin signos de haber sido agredido por una tercera persona.<\/p>\n\n\n\n<p>No se descarta la posibilidad que la v\u00edctima se haya quitado la vida. Por ahora, antes de las pericias correspondientes se cree en la muerte natural como causa del deceso.<\/p>\n\n\n\n<p>FUENTE:<em><strong>&nbsp;Campana Argentina<\/strong><\/em><\/p>\n","protected":false},"excerpt":{"rendered":"<p>Fue en la tarde de este domingo,\u00a0 en calle S\u00edvori al 2000 de Campana, cuando un vecino llam\u00f3 al 911 porque hac\u00eda tres o cuatro d\u00edas que no ve\u00eda a su amigo identificado como Roberto Corz\u00f3n de 75 a\u00f1os, que viv\u00eda solo en la vivienda desde hac\u00eda tres meses, luego que perdiera a su esposa [&hellip;]<\/p>\n","protected":false},"author":4,"featured_media":47804,"comment_status":"open","ping_status":"closed","sticky":false,"template":"","format":"standard","meta":{"om_disable_all_campaigns":false,"_jetpack_memberships_contains_paid_content":false,"footnotes":""},"categories":[621],"tags":[],"class_list":["post-47803","post","type-post","status-publish","format-standard","has-post-thumbnail","hentry","category-regionales"],"aioseo_notices":[],"gutentor_comment":0,"jetpack_featured_media_url":"https:\/\/eldiariodesanpedro.com.ar\/sitio\/wp-content\/uploads\/2019\/02\/20190108092106_657x400.jpg","jetpack_shortlink":"https:\/\/wp.me\/p6RhLt-cr1","jetpack_sharing_enabled":true,"_links":{"self":[{"href":"https:\/\/eldiariodesanpedro.com.ar\/sitio\/wp-json\/wp\/v2\/posts\/47803","targetHints":{"allow":["GET"]}}],"collection":[{"href":"https:\/\/eldiariodesanpedro.com.ar\/sitio\/wp-json\/wp\/v2\/posts"}],"about":[{"href":"https:\/\/eldiariodesanpedro.com.ar\/sitio\/wp-json\/wp\/v2\/types\/post"}],"author":[{"embeddable":true,"href":"https:\/\/eldiariodesanpedro.com.ar\/sitio\/wp-json\/wp\/v2\/users\/4"}],"replies":[{"embeddable":true,"href":"https:\/\/eldiariodesanpedro.com.ar\/sitio\/wp-json\/wp\/v2\/comments?post=47803"}],"version-history":[{"count":1,"href":"https:\/\/eldiariodesanpedro.com.ar\/sitio\/wp-json\/wp\/v2\/posts\/47803\/revisions"}],"predecessor-version":[{"id":47805,"href":"https:\/\/eldiariodesanpedro.com.ar\/sitio\/wp-json\/wp\/v2\/posts\/47803\/revisions\/47805"}],"wp:featuredmedia":[{"embeddable":true,"href":"https:\/\/eldiariodesanpedro.com.ar\/sitio\/wp-json\/wp\/v2\/media\/47804"}],"wp:attachment":[{"href":"https:\/\/eldiariodesanpedro.com.ar\/sitio\/wp-json\/wp\/v2\/media?parent=47803"}],"wp:term":[{"taxonomy":"category","embeddable":true,"href":"https:\/\/eldiariodesanpedro.com.ar\/sitio\/wp-json\/wp\/v2\/categories?post=47803"},{"taxonomy":"post_tag","embeddable":true,"href":"https:\/\/eldiariodesanpedro.com.ar\/sitio\/wp-json\/wp\/v2\/tags?post=47803"}],"curies":[{"name":"wp","href":"https:\/\/api.w.org\/{rel}","templated":true}]}}