{"id":47800,"date":"2019-02-18T11:46:00","date_gmt":"2019-02-18T14:46:00","guid":{"rendered":"https:\/\/eldiariodesanpedro.com.ar\/sitio\/?p=47800"},"modified":"2019-02-18T11:46:09","modified_gmt":"2019-02-18T14:46:09","slug":"baradero-se-dio-marcha-atras-con-el-cierre-de-grados","status":"publish","type":"post","link":"https:\/\/eldiariodesanpedro.com.ar\/sitio\/baradero-se-dio-marcha-atras-con-el-cierre-de-grados\/","title":{"rendered":"BARADERO: Se dio marcha atr\u00e1s con el cierre de grados"},"content":{"rendered":"<!-- VideographyWP Plugin Message: Automatic video embedding prevented by plugin options. -->\n\n<p>En una reuni\u00f3n convocada para hoy en horas tempranas, el jefe distrital Walter Mandel, les comunic\u00f3 a las directoras de los establecimientos de Alsina y Portela la decisi\u00f3n de dar marcha atr\u00e1s con el cierre de grados y a\u00f1os.<\/p>\n\n\n\n<p>Recordemos que el d\u00eda Viernes, desde la misma jefatura, se les hab\u00eda comunicado a las autoridades de la primaria de Alsina y la secundaria de Portela el cierre y fusi\u00f3n de un grado y un a\u00f1o respectivamente.<\/p>\n\n\n\n<p>Esto gener\u00f3 r\u00e1pidamente la alerta dentro de la comunidad educativa de las villas y una movida por redes sociales pidiendo por el no cierre.<\/p>\n\n\n\n<p>Fuente: Baradero Te Informa<\/p>\n","protected":false},"excerpt":{"rendered":"<p>En una reuni\u00f3n convocada para hoy en horas tempranas, el jefe distrital Walter Mandel, les comunic\u00f3 a las directoras de los establecimientos de Alsina y Portela la decisi\u00f3n de dar marcha atr\u00e1s con el cierre de grados y a\u00f1os. Recordemos que el d\u00eda Viernes, desde la misma jefatura, se les hab\u00eda comunicado a las autoridades [&hellip;]<\/p>\n","protected":false},"author":4,"featured_media":47801,"comment_status":"open","ping_status":"closed","sticky":false,"template":"","format":"standard","meta":{"om_disable_all_campaigns":false,"_jetpack_memberships_contains_paid_content":false,"footnotes":""},"categories":[621],"tags":[],"class_list":["post-47800","post","type-post","status-publish","format-standard","has-post-thumbnail","hentry","category-regionales"],"aioseo_notices":[],"gutentor_comment":0,"jetpack_featured_media_url":"https:\/\/eldiariodesanpedro.com.ar\/sitio\/wp-content\/uploads\/2019\/02\/maxresdefault-1.jpg","jetpack_shortlink":"https:\/\/wp.me\/p6RhLt-cqY","jetpack_sharing_enabled":true,"_links":{"self":[{"href":"https:\/\/eldiariodesanpedro.com.ar\/sitio\/wp-json\/wp\/v2\/posts\/47800","targetHints":{"allow":["GET"]}}],"collection":[{"href":"https:\/\/eldiariodesanpedro.com.ar\/sitio\/wp-json\/wp\/v2\/posts"}],"about":[{"href":"https:\/\/eldiariodesanpedro.com.ar\/sitio\/wp-json\/wp\/v2\/types\/post"}],"author":[{"embeddable":true,"href":"https:\/\/eldiariodesanpedro.com.ar\/sitio\/wp-json\/wp\/v2\/users\/4"}],"replies":[{"embeddable":true,"href":"https:\/\/eldiariodesanpedro.com.ar\/sitio\/wp-json\/wp\/v2\/comments?post=47800"}],"version-history":[{"count":1,"href":"https:\/\/eldiariodesanpedro.com.ar\/sitio\/wp-json\/wp\/v2\/posts\/47800\/revisions"}],"predecessor-version":[{"id":47802,"href":"https:\/\/eldiariodesanpedro.com.ar\/sitio\/wp-json\/wp\/v2\/posts\/47800\/revisions\/47802"}],"wp:featuredmedia":[{"embeddable":true,"href":"https:\/\/eldiariodesanpedro.com.ar\/sitio\/wp-json\/wp\/v2\/media\/47801"}],"wp:attachment":[{"href":"https:\/\/eldiariodesanpedro.com.ar\/sitio\/wp-json\/wp\/v2\/media?parent=47800"}],"wp:term":[{"taxonomy":"category","embeddable":true,"href":"https:\/\/eldiariodesanpedro.com.ar\/sitio\/wp-json\/wp\/v2\/categories?post=47800"},{"taxonomy":"post_tag","embeddable":true,"href":"https:\/\/eldiariodesanpedro.com.ar\/sitio\/wp-json\/wp\/v2\/tags?post=47800"}],"curies":[{"name":"wp","href":"https:\/\/api.w.org\/{rel}","templated":true}]}}