{"id":47796,"date":"2019-02-18T11:40:24","date_gmt":"2019-02-18T14:40:24","guid":{"rendered":"https:\/\/eldiariodesanpedro.com.ar\/sitio\/?p=47796"},"modified":"2019-02-18T11:41:50","modified_gmt":"2019-02-18T14:41:50","slug":"san-nicolas-una-fiscal-pidio-50-anos-de-prision-para-el-abusador-nicoleno","status":"publish","type":"post","link":"https:\/\/eldiariodesanpedro.com.ar\/sitio\/san-nicolas-una-fiscal-pidio-50-anos-de-prision-para-el-abusador-nicoleno\/","title":{"rendered":"SAN NICOL\u00c1S: Una fiscal pidi\u00f3 50 a\u00f1os de prisi\u00f3n para el abusador nicole\u00f1o"},"content":{"rendered":"<!-- VideographyWP Plugin Message: Automatic video embedding prevented by plugin options. -->\n\n<p>En el juicio oral que se realiza en la ciudad de Rosario y que tiene como acusado al locutor que trabajara en una radio de nuestra ciudad, Luis Marcelo E (42), la fiscal Carla Cerliani pidi\u00f3 que se condene al acusado a 50 a\u00f1os de prisi\u00f3n por considerarlo penalmente responsable de 18 casos de abuso sexual cometidos en Rosario contra j\u00f3venes de entre 14 y 25 a\u00f1os, a quienes intercept\u00f3 simulando ser un polic\u00eda. El juicio se reanuda hoy a las 8:30 con una nueva audiencia de debate en la Sala 9 del Centro de Justicia Penal Rosario.En el juicio declar\u00f3 una de las v\u00edctimas de los abusos que al momento de ser violada ten\u00eda 18 a\u00f1os y dijo que el imputado le \u201carruin\u00f3 la vida\u201d y que necesitaba \u201cjusticia\u201d.La fiscal Carla Cerliani inici\u00f3 su alegato con el pedido de 50 a\u00f1os de prisi\u00f3n para el locutor, a quien lo acusa del delito de abuso sexual con acceso carnal agravado por haber sido cometido con arma de fuego, en calidad de autor en 15 oportunidades y tres en grado de tentativa. \u201cS\u00f3lo una de ellas quiere declarar, mir\u00e1ndolo a los ojos, y otras cinco son menores por lo que lo har\u00e1n en c\u00e1mara Gesell\u201d, explic\u00f3 la fiscal.<\/p>\n\n\n\n<p><strong>Detenido en 2016<\/strong><\/p>\n\n\n\n<p>El acusado, que seg\u00fan trascendi\u00f3 trabajaba de locutor en una FM de nuestra ciudad donde resid\u00eda junto a su esposa y tres hijos, fue detenido en agosto de 2016 y lleg\u00f3 al juicio desde la c\u00e1rcel de Coronda donde se encuentra alojado. En la primera jornada que se desarroll\u00f3 en el Centro de Justicia Penal de Rosario, el tribunal estableci\u00f3 a pedido de la fiscal\u00eda que 12 de las v\u00edctimas declaren sin la presencia del presunto violador en el recinto.<br>Ante el pedido de la fiscal, la defensa oficial del acusado ejercida por Luisa Ca\u00f1abate, solicit\u00f3 al tribunal la reducci\u00f3n de la pena al alegar que \u201ccon un pedido de pena de 50 a\u00f1os, ser\u00eda imposible para mi defendido de 42 a\u00f1os una reinserci\u00f3n social\u201d. Tambi\u00e9n declar\u00f3 la primera de las v\u00edctimas, atacada seg\u00fan la acusaci\u00f3n en la noche del 4 de abril de 2014, cuando ten\u00eda 18 a\u00f1os.\u201cMe arruin\u00f3 la vida\u201d, dijo la joven antes de que declararan su padre y su madre como testigos. La chica cont\u00f3 que la noche del 4 de abril de 2014, alrededor de las 22.30, esperaba el colectivo de la l\u00ednea 103 en la esquina de avenida San Mart\u00edn y Garibaldi, en la zona sur de Rosario, y dijo que un hombre baj\u00f3 de un autom\u00f3vil de color oscuro \u201ccon un handy en la mano\u201d y le aclar\u00f3 que era polic\u00eda, tras lo cual le pregunt\u00f3 si hab\u00eda visto a unos chicos, a lo que respondi\u00f3 negativamente.<\/p>\n\n\n\n<p><strong>El enga\u00f1o<\/strong><\/p>\n\n\n\n<p>Seg\u00fan su testimonio, Escobar le pidi\u00f3 que se acercase al auto para tomar sus datos para luego acompa\u00f1arla a una comisar\u00eda de Drogas Peligrosas. Una vez en el autom\u00f3vil, el hombre la llev\u00f3 hasta Uriburu y avenida Circunvalaci\u00f3n, en las afueras de Rosario, donde detuvo el veh\u00edculo \u201cen una zona descampada muy oscura\u201d, donde abus\u00f3 de la joven.La v\u00edctima tambi\u00e9n puso en evidencia el trato que recibi\u00f3 cuando fue hacer la denuncia acompa\u00f1ada de sus padres.\u201cMe trataron muy mal en la Comisar\u00eda de la Mujer, antes ten\u00edan ese trato porque no te cre\u00edan, ahora creo que no es as\u00ed\u201d, se\u00f1al\u00f3 la joven, quien asegur\u00f3 que declar\u00f3 sin la presencia del acusado en la sala porque a\u00fan tiene \u201cmiedo de cualquier hombre\u201d que se le acerca y de \u201csubir a cualquier auto\u201d.Antes de este testimonio, en el inicio de la audiencia, el acusado se neg\u00f3 a declarar y escuch\u00f3 las acusaciones sin inmutarse y siempre mir\u00f3 con la cabeza en alto al tribunal.<\/p>\n\n\n\n<p>Fuente: Diario El Norte<\/p>\n","protected":false},"excerpt":{"rendered":"<p>En el juicio oral que se realiza en la ciudad de Rosario y que tiene como acusado al locutor que trabajara en una radio de nuestra ciudad, Luis Marcelo E (42), la fiscal Carla Cerliani pidi\u00f3 que se condene al acusado a 50 a\u00f1os de prisi\u00f3n por considerarlo penalmente responsable de 18 casos de abuso [&hellip;]<\/p>\n","protected":false},"author":4,"featured_media":47797,"comment_status":"open","ping_status":"closed","sticky":false,"template":"","format":"standard","meta":{"om_disable_all_campaigns":false,"_jetpack_memberships_contains_paid_content":false,"footnotes":""},"categories":[621],"tags":[],"class_list":["post-47796","post","type-post","status-publish","format-standard","has-post-thumbnail","hentry","category-regionales"],"aioseo_notices":[],"gutentor_comment":0,"jetpack_featured_media_url":"https:\/\/eldiariodesanpedro.com.ar\/sitio\/wp-content\/uploads\/2019\/02\/0-4.jpg","jetpack_shortlink":"https:\/\/wp.me\/p6RhLt-cqU","jetpack_sharing_enabled":true,"_links":{"self":[{"href":"https:\/\/eldiariodesanpedro.com.ar\/sitio\/wp-json\/wp\/v2\/posts\/47796","targetHints":{"allow":["GET"]}}],"collection":[{"href":"https:\/\/eldiariodesanpedro.com.ar\/sitio\/wp-json\/wp\/v2\/posts"}],"about":[{"href":"https:\/\/eldiariodesanpedro.com.ar\/sitio\/wp-json\/wp\/v2\/types\/post"}],"author":[{"embeddable":true,"href":"https:\/\/eldiariodesanpedro.com.ar\/sitio\/wp-json\/wp\/v2\/users\/4"}],"replies":[{"embeddable":true,"href":"https:\/\/eldiariodesanpedro.com.ar\/sitio\/wp-json\/wp\/v2\/comments?post=47796"}],"version-history":[{"count":2,"href":"https:\/\/eldiariodesanpedro.com.ar\/sitio\/wp-json\/wp\/v2\/posts\/47796\/revisions"}],"predecessor-version":[{"id":47799,"href":"https:\/\/eldiariodesanpedro.com.ar\/sitio\/wp-json\/wp\/v2\/posts\/47796\/revisions\/47799"}],"wp:featuredmedia":[{"embeddable":true,"href":"https:\/\/eldiariodesanpedro.com.ar\/sitio\/wp-json\/wp\/v2\/media\/47797"}],"wp:attachment":[{"href":"https:\/\/eldiariodesanpedro.com.ar\/sitio\/wp-json\/wp\/v2\/media?parent=47796"}],"wp:term":[{"taxonomy":"category","embeddable":true,"href":"https:\/\/eldiariodesanpedro.com.ar\/sitio\/wp-json\/wp\/v2\/categories?post=47796"},{"taxonomy":"post_tag","embeddable":true,"href":"https:\/\/eldiariodesanpedro.com.ar\/sitio\/wp-json\/wp\/v2\/tags?post=47796"}],"curies":[{"name":"wp","href":"https:\/\/api.w.org\/{rel}","templated":true}]}}