{"id":47793,"date":"2019-02-18T11:37:05","date_gmt":"2019-02-18T14:37:05","guid":{"rendered":"https:\/\/eldiariodesanpedro.com.ar\/sitio\/?p=47793"},"modified":"2019-02-18T11:37:14","modified_gmt":"2019-02-18T14:37:14","slug":"san-nicolas-una-nina-de-3-anos-se-cayo-al-arroyo-y-la-rescato-un-hombre","status":"publish","type":"post","link":"https:\/\/eldiariodesanpedro.com.ar\/sitio\/san-nicolas-una-nina-de-3-anos-se-cayo-al-arroyo-y-la-rescato-un-hombre\/","title":{"rendered":"SAN NICOL\u00c1S: Una ni\u00f1a de 3 a\u00f1os se cay\u00f3 al arroyo y la rescat\u00f3 un hombre"},"content":{"rendered":"<!-- VideographyWP Plugin Message: Automatic video embedding prevented by plugin options. -->\n\n<p>\n\nEl hecho ocurri\u00f3 en horas de la tarde del s\u00e1bado, alrededor de las 17:00 en el Arroyo Somisa cuando un joven matrimonio y su hija de 3 a\u00f1os estaban disfrutando de la tarde.<\/p>\n\n\n\n<p>La ni\u00f1a estaba pescando junto a su padre, quien se dio vuelta para encarnar y en ese momento la menor cay\u00f3 al agua.<\/p>\n\n\n\n<p>Un hombre que estaba cerca de la familia, vio lo que pas\u00f3 y sin pensarlo se tir\u00f3 al agua para sacar a la ni\u00f1a.<\/p>\n\n\n\n<p>Los padres agradecieron al vecino oriundo de barrio Santa Rosa por haber salvado a su hija. <\/p>\n\n\n\n<p>Fuente: Enlace Critico<\/p>\n","protected":false},"excerpt":{"rendered":"<p>El hecho ocurri\u00f3 en horas de la tarde del s\u00e1bado, alrededor de las 17:00 en el Arroyo Somisa cuando un joven matrimonio y su hija de 3 a\u00f1os estaban disfrutando de la tarde. La ni\u00f1a estaba pescando junto a su padre, quien se dio vuelta para encarnar y en ese momento la menor cay\u00f3 al [&hellip;]<\/p>\n","protected":false},"author":4,"featured_media":47794,"comment_status":"open","ping_status":"closed","sticky":false,"template":"","format":"standard","meta":{"om_disable_all_campaigns":false,"_jetpack_memberships_contains_paid_content":false,"footnotes":""},"categories":[621],"tags":[],"class_list":["post-47793","post","type-post","status-publish","format-standard","has-post-thumbnail","hentry","category-regionales"],"aioseo_notices":[],"gutentor_comment":0,"jetpack_featured_media_url":"https:\/\/eldiariodesanpedro.com.ar\/sitio\/wp-content\/uploads\/2019\/02\/no_1n62igft3ep489152585199_2281814985395744_30708728403591168_n.jpg","jetpack_shortlink":"https:\/\/wp.me\/p6RhLt-cqR","jetpack_sharing_enabled":true,"_links":{"self":[{"href":"https:\/\/eldiariodesanpedro.com.ar\/sitio\/wp-json\/wp\/v2\/posts\/47793","targetHints":{"allow":["GET"]}}],"collection":[{"href":"https:\/\/eldiariodesanpedro.com.ar\/sitio\/wp-json\/wp\/v2\/posts"}],"about":[{"href":"https:\/\/eldiariodesanpedro.com.ar\/sitio\/wp-json\/wp\/v2\/types\/post"}],"author":[{"embeddable":true,"href":"https:\/\/eldiariodesanpedro.com.ar\/sitio\/wp-json\/wp\/v2\/users\/4"}],"replies":[{"embeddable":true,"href":"https:\/\/eldiariodesanpedro.com.ar\/sitio\/wp-json\/wp\/v2\/comments?post=47793"}],"version-history":[{"count":1,"href":"https:\/\/eldiariodesanpedro.com.ar\/sitio\/wp-json\/wp\/v2\/posts\/47793\/revisions"}],"predecessor-version":[{"id":47795,"href":"https:\/\/eldiariodesanpedro.com.ar\/sitio\/wp-json\/wp\/v2\/posts\/47793\/revisions\/47795"}],"wp:featuredmedia":[{"embeddable":true,"href":"https:\/\/eldiariodesanpedro.com.ar\/sitio\/wp-json\/wp\/v2\/media\/47794"}],"wp:attachment":[{"href":"https:\/\/eldiariodesanpedro.com.ar\/sitio\/wp-json\/wp\/v2\/media?parent=47793"}],"wp:term":[{"taxonomy":"category","embeddable":true,"href":"https:\/\/eldiariodesanpedro.com.ar\/sitio\/wp-json\/wp\/v2\/categories?post=47793"},{"taxonomy":"post_tag","embeddable":true,"href":"https:\/\/eldiariodesanpedro.com.ar\/sitio\/wp-json\/wp\/v2\/tags?post=47793"}],"curies":[{"name":"wp","href":"https:\/\/api.w.org\/{rel}","templated":true}]}}