{"id":47778,"date":"2019-02-18T09:31:39","date_gmt":"2019-02-18T12:31:39","guid":{"rendered":"https:\/\/eldiariodesanpedro.com.ar\/sitio\/?p=47778"},"modified":"2019-02-18T09:34:21","modified_gmt":"2019-02-18T12:34:21","slug":"baradero-2019-luciano-pereyra-cerro-el-festival","status":"publish","type":"post","link":"https:\/\/eldiariodesanpedro.com.ar\/sitio\/baradero-2019-luciano-pereyra-cerro-el-festival\/","title":{"rendered":"Baradero 2019: Luciano Pereyra cerr\u00f3 el festival"},"content":{"rendered":"<!-- VideographyWP Plugin Message: Automatic video embedding prevented by plugin options. -->\n\n<p>Lleg\u00f3 el final del festival Baradero 2019. La edici\u00f3n n\u00famero 45 que dejo mucho para analizar a futuro.<\/p>\n\n\n\n<p>La cuarta noche se pudo ver al fin un anfiteatro casi colmado.<\/p>\n\n\n\n<p>Los Campedrinos, Las cuatro Cuerdas, Payana, Jonathan Reynoso, hicieron que el p\u00fablico comience a entrar en clima.<\/p>\n\n\n\n<p>El momento m\u00e1s emotivo fue el reconocimiento al creador de Baradero Te Informa, Gustavo B\u00f3 quien mientras era director de cultura recuper\u00f3, junto a un grupo de colaboradores, el festival despu\u00e9s de los a\u00f1os oscuros de la dictadura.<\/p>\n\n\n\n<p>Entrega de premios a las revelaciones y consagraciones, m\u00e1s el discurso de la Intendenta Antonijevic para darle paso al artista m\u00e1s convocante de esta edici\u00f3n, Luciano Pereyra.<\/p>\n\n\n\n<figure class=\"wp-block-image\"><img decoding=\"async\" width=\"1024\" height=\"683\" data-attachment-id=\"47784\" data-permalink=\"https:\/\/eldiariodesanpedro.com.ar\/sitio\/baradero-2019-luciano-pereyra-cerro-el-festival\/img_2854-copy\/\" data-orig-file=\"https:\/\/eldiariodesanpedro.com.ar\/sitio\/wp-content\/uploads\/2019\/02\/IMG_2854-Copy.jpg\" data-orig-size=\"1024,683\" data-comments-opened=\"1\" data-image-meta=\"{&quot;aperture&quot;:&quot;5.6&quot;,&quot;credit&quot;:&quot;&quot;,&quot;camera&quot;:&quot;Canon EOS 70D&quot;,&quot;caption&quot;:&quot;&quot;,&quot;created_timestamp&quot;:&quot;1550442960&quot;,&quot;copyright&quot;:&quot;&quot;,&quot;focal_length&quot;:&quot;103&quot;,&quot;iso&quot;:&quot;6400&quot;,&quot;shutter_speed&quot;:&quot;0.016666666666667&quot;,&quot;title&quot;:&quot;&quot;,&quot;orientation&quot;:&quot;1&quot;}\" data-image-title=\"IMG_2854-Copy\" data-image-description=\"\" data-image-caption=\"\" data-large-file=\"https:\/\/eldiariodesanpedro.com.ar\/sitio\/wp-content\/uploads\/2019\/02\/IMG_2854-Copy-1024x683.jpg\" data-src=\"https:\/\/i2.wp.com\/eldiariodesanpedro.com.ar\/sitio\/wp-content\/uploads\/2019\/02\/IMG_2854-Copy.jpg?fit=660%2C440\" alt=\"\" class=\"wp-image-47784 lazyload\" data-srcset=\"https:\/\/eldiariodesanpedro.com.ar\/sitio\/wp-content\/uploads\/2019\/02\/IMG_2854-Copy.jpg 1024w, https:\/\/eldiariodesanpedro.com.ar\/sitio\/wp-content\/uploads\/2019\/02\/IMG_2854-Copy-300x200.jpg 300w, https:\/\/eldiariodesanpedro.com.ar\/sitio\/wp-content\/uploads\/2019\/02\/IMG_2854-Copy-768x512.jpg 768w\" data-sizes=\"(max-width: 1024px) 100vw, 1024px\" src=\"data:image\/svg+xml;base64,PHN2ZyB3aWR0aD0iMSIgaGVpZ2h0PSIxIiB4bWxucz0iaHR0cDovL3d3dy53My5vcmcvMjAwMC9zdmciPjwvc3ZnPg==\" style=\"--smush-placeholder-width: 1024px; --smush-placeholder-aspect-ratio: 1024\/683;\" \/><\/figure>\n\n\n\n<p>Fuente: Baradero Te Informa<\/p>\n","protected":false},"excerpt":{"rendered":"<p>Lleg\u00f3 el final del festival Baradero 2019. La edici\u00f3n n\u00famero 45 que dejo mucho para analizar a futuro. La cuarta noche se pudo ver al fin un anfiteatro casi colmado. Los Campedrinos, Las cuatro Cuerdas, Payana, Jonathan Reynoso, hicieron que el p\u00fablico comience a entrar en clima. El momento m\u00e1s emotivo fue el reconocimiento al [&hellip;]<\/p>\n","protected":false},"author":4,"featured_media":47780,"comment_status":"open","ping_status":"closed","sticky":false,"template":"","format":"standard","meta":{"om_disable_all_campaigns":false,"_jetpack_memberships_contains_paid_content":false,"footnotes":""},"categories":[50,621],"tags":[],"class_list":["post-47778","post","type-post","status-publish","format-standard","has-post-thumbnail","hentry","category-destacadas","category-regionales"],"aioseo_notices":[],"gutentor_comment":0,"jetpack_featured_media_url":"https:\/\/eldiariodesanpedro.com.ar\/sitio\/wp-content\/uploads\/2019\/02\/IMG_3054-Copy.jpg","jetpack_shortlink":"https:\/\/wp.me\/p6RhLt-cqC","jetpack_sharing_enabled":true,"_links":{"self":[{"href":"https:\/\/eldiariodesanpedro.com.ar\/sitio\/wp-json\/wp\/v2\/posts\/47778","targetHints":{"allow":["GET"]}}],"collection":[{"href":"https:\/\/eldiariodesanpedro.com.ar\/sitio\/wp-json\/wp\/v2\/posts"}],"about":[{"href":"https:\/\/eldiariodesanpedro.com.ar\/sitio\/wp-json\/wp\/v2\/types\/post"}],"author":[{"embeddable":true,"href":"https:\/\/eldiariodesanpedro.com.ar\/sitio\/wp-json\/wp\/v2\/users\/4"}],"replies":[{"embeddable":true,"href":"https:\/\/eldiariodesanpedro.com.ar\/sitio\/wp-json\/wp\/v2\/comments?post=47778"}],"version-history":[{"count":2,"href":"https:\/\/eldiariodesanpedro.com.ar\/sitio\/wp-json\/wp\/v2\/posts\/47778\/revisions"}],"predecessor-version":[{"id":47785,"href":"https:\/\/eldiariodesanpedro.com.ar\/sitio\/wp-json\/wp\/v2\/posts\/47778\/revisions\/47785"}],"wp:featuredmedia":[{"embeddable":true,"href":"https:\/\/eldiariodesanpedro.com.ar\/sitio\/wp-json\/wp\/v2\/media\/47780"}],"wp:attachment":[{"href":"https:\/\/eldiariodesanpedro.com.ar\/sitio\/wp-json\/wp\/v2\/media?parent=47778"}],"wp:term":[{"taxonomy":"category","embeddable":true,"href":"https:\/\/eldiariodesanpedro.com.ar\/sitio\/wp-json\/wp\/v2\/categories?post=47778"},{"taxonomy":"post_tag","embeddable":true,"href":"https:\/\/eldiariodesanpedro.com.ar\/sitio\/wp-json\/wp\/v2\/tags?post=47778"}],"curies":[{"name":"wp","href":"https:\/\/api.w.org\/{rel}","templated":true}]}}