{"id":47775,"date":"2019-02-18T09:28:40","date_gmt":"2019-02-18T12:28:40","guid":{"rendered":"https:\/\/eldiariodesanpedro.com.ar\/sitio\/?p=47775"},"modified":"2019-02-18T09:28:51","modified_gmt":"2019-02-18T12:28:51","slug":"bebe-murio-ahogado-con-su-propia-leche","status":"publish","type":"post","link":"https:\/\/eldiariodesanpedro.com.ar\/sitio\/bebe-murio-ahogado-con-su-propia-leche\/","title":{"rendered":"Beb\u00e9 muri\u00f3 ahogado con su propia leche"},"content":{"rendered":"<!-- VideographyWP Plugin Message: Automatic video embedding prevented by plugin options. -->\n\n<p> El hecho se desencaden\u00f3 el s\u00e1bado a la madrugada y fue llevado por sus padres ya sin vida a la guardia del pediatr\u00eda. El ni\u00f1o ten\u00eda un mes y hab\u00eda nacido prematuro. Su mam\u00e1 de solo 16 a\u00f1os hab\u00eda tenido un accidente de motos cuando estaba embarazada. <\/p>\n\n\n\n<p>Autoridades del \u00e1rea correspondiente se\u00f1alaron que el fallecimiento de un beb\u00e9 de tan solo 42 d\u00edas obedeci\u00f3 a un cuadro de broncoaspiraci\u00f3n al advertirse que se hab\u00eda ahogado con la leche que hab\u00eda consumido momentos antes.<\/p>\n\n\n\n<p>Amaro Bustamante Serralta fue llevado por sus familiares en horas de la madrugada del s\u00e1bado a la guardia de pediatr\u00eda del Hospital \u201cEmilio Ruffa\u201d pero de inmediato los profesionales que lo recibieron advirtieron que el ni\u00f1o ya se encontraba sin vida. &nbsp;<\/p>\n\n\n\n<p>La Fiscal\u00eda de turno caratul\u00f3 el caso como \u00abaveriguaci\u00f3n de causales de muerte\u00bb y orden\u00f3 la operaci\u00f3n de autopsia correspondiente.<\/p>\n\n\n\n<p>El ni\u00f1o hab\u00eda nacido prematuro el 4 de enero pasado y su mam\u00e1 de solo 16 a\u00f1os hab\u00eda sido noticias unos d\u00edas antes cuando embarazada protagoniz\u00f3 un accidente de tr\u00e1nsito a bordo de una moto.<\/p>\n\n\n\n<p>Fuente: San Pedro Informa<\/p>\n","protected":false},"excerpt":{"rendered":"<p>El hecho se desencaden\u00f3 el s\u00e1bado a la madrugada y fue llevado por sus padres ya sin vida a la guardia del pediatr\u00eda. El ni\u00f1o ten\u00eda un mes y hab\u00eda nacido prematuro. Su mam\u00e1 de solo 16 a\u00f1os hab\u00eda tenido un accidente de motos cuando estaba embarazada. Autoridades del \u00e1rea correspondiente se\u00f1alaron que el fallecimiento [&hellip;]<\/p>\n","protected":false},"author":4,"featured_media":47776,"comment_status":"open","ping_status":"closed","sticky":false,"template":"","format":"standard","meta":{"om_disable_all_campaigns":false,"_jetpack_memberships_contains_paid_content":false,"footnotes":""},"categories":[2,103],"tags":[],"class_list":["post-47775","post","type-post","status-publish","format-standard","has-post-thumbnail","hentry","category-locales","category-policiales-locales"],"aioseo_notices":[],"gutentor_comment":0,"jetpack_featured_media_url":"https:\/\/eldiariodesanpedro.com.ar\/sitio\/wp-content\/uploads\/2019\/02\/000075607.jpeg","jetpack_shortlink":"https:\/\/wp.me\/p6RhLt-cqz","jetpack_sharing_enabled":true,"_links":{"self":[{"href":"https:\/\/eldiariodesanpedro.com.ar\/sitio\/wp-json\/wp\/v2\/posts\/47775","targetHints":{"allow":["GET"]}}],"collection":[{"href":"https:\/\/eldiariodesanpedro.com.ar\/sitio\/wp-json\/wp\/v2\/posts"}],"about":[{"href":"https:\/\/eldiariodesanpedro.com.ar\/sitio\/wp-json\/wp\/v2\/types\/post"}],"author":[{"embeddable":true,"href":"https:\/\/eldiariodesanpedro.com.ar\/sitio\/wp-json\/wp\/v2\/users\/4"}],"replies":[{"embeddable":true,"href":"https:\/\/eldiariodesanpedro.com.ar\/sitio\/wp-json\/wp\/v2\/comments?post=47775"}],"version-history":[{"count":1,"href":"https:\/\/eldiariodesanpedro.com.ar\/sitio\/wp-json\/wp\/v2\/posts\/47775\/revisions"}],"predecessor-version":[{"id":47777,"href":"https:\/\/eldiariodesanpedro.com.ar\/sitio\/wp-json\/wp\/v2\/posts\/47775\/revisions\/47777"}],"wp:featuredmedia":[{"embeddable":true,"href":"https:\/\/eldiariodesanpedro.com.ar\/sitio\/wp-json\/wp\/v2\/media\/47776"}],"wp:attachment":[{"href":"https:\/\/eldiariodesanpedro.com.ar\/sitio\/wp-json\/wp\/v2\/media?parent=47775"}],"wp:term":[{"taxonomy":"category","embeddable":true,"href":"https:\/\/eldiariodesanpedro.com.ar\/sitio\/wp-json\/wp\/v2\/categories?post=47775"},{"taxonomy":"post_tag","embeddable":true,"href":"https:\/\/eldiariodesanpedro.com.ar\/sitio\/wp-json\/wp\/v2\/tags?post=47775"}],"curies":[{"name":"wp","href":"https:\/\/api.w.org\/{rel}","templated":true}]}}