{"id":47771,"date":"2019-02-18T09:26:59","date_gmt":"2019-02-18T12:26:59","guid":{"rendered":"https:\/\/eldiariodesanpedro.com.ar\/sitio\/?p=47771"},"modified":"2019-02-18T09:27:13","modified_gmt":"2019-02-18T12:27:13","slug":"gran-victoria-del-morro-iglesias-en-el-tcpm","status":"publish","type":"post","link":"https:\/\/eldiariodesanpedro.com.ar\/sitio\/gran-victoria-del-morro-iglesias-en-el-tcpm\/","title":{"rendered":"Gran victoria del \u201cMorro\u201d Iglesias en el TCPM"},"content":{"rendered":"<!-- VideographyWP Plugin Message: Automatic video embedding prevented by plugin options. -->\n\n<p>\n\nHist\u00f3rico triunfo del joven sampedrino que debut\u00f3 en el certamen y alcanz\u00f3 la primera victoria en una categor\u00eda nacional.\n\n<\/p>\n\n\n\n<p>Un viernes, s\u00e1bado y domingo perfecto para el piloto sampedrino en su primera carrera del a\u00f1o. Fernando \u201cMorro\u201d Iglesias tuvo un excelente debut en la temporada al ser protagonista directo de la segunda fecha del TCP Mouras que tuvo sus actividades en el aut\u00f3dromo \u201cRoberto Mouras\u201d de La Plata.<\/p>\n\n\n\n<p>Iglesias, que no pudo estar en la jornada inaugural, se present\u00f3 con el Chevrolet propio y de preparaci\u00f3n total de Iglesias Competici\u00f3n.<\/p>\n\n\n\n<p>Desde las pruebas preparatorias del viernes hasta la clasificaci\u00f3n del s\u00e1bado, el sampedrino fue protagonista directo logrando ganar la serie y obtener el derecho a largar adelante en la gran final del domingo, dentro de un rendimiento parejo en general.<\/p>\n\n\n\n<p>La resoluci\u00f3n fue r\u00e1pida porque el \u201cMorro\u201d se plant\u00f3 en el primer lugar desde el minuto cero y fue dominando la competencia sacando una apreciable ventaja a medida que fueron pasando los minutos.<\/p>\n\n\n\n<p>As\u00ed de claro y contundente fue el triunfo del joven piloto que cerr\u00f3 un fin de semana perfecto y el primer lugar del podio premi\u00f3 a toda la familia y al equipo que se esforz\u00f3 al m\u00e1ximo para que el Chevrolet 166 pudiera estar en la pista.<\/p>\n\n\n\n<p>Fuente: San Pedro Informa<\/p>\n\n\n\n<figure class=\"wp-block-embed-facebook wp-block-embed is-type-video is-provider-facebook\"><div class=\"wp-block-embed__wrapper\">\n<div class=\"fb-video\" data-allowfullscreen=\"true\" data-href=\"https:\/\/www.facebook.com\/TVPublica\/videos\/771656039870431\/\" style=\"background-color: #fff; display: inline-block;\"><\/div>\n<\/div><\/figure>\n","protected":false},"excerpt":{"rendered":"<p>Hist\u00f3rico triunfo del joven sampedrino que debut\u00f3 en el certamen y alcanz\u00f3 la primera victoria en una categor\u00eda nacional. Un viernes, s\u00e1bado y domingo perfecto para el piloto sampedrino en su primera carrera del a\u00f1o. Fernando \u201cMorro\u201d Iglesias tuvo un excelente debut en la temporada al ser protagonista directo de la segunda fecha del TCP [&hellip;]<\/p>\n","protected":false},"author":4,"featured_media":47772,"comment_status":"open","ping_status":"closed","sticky":false,"template":"","format":"standard","meta":{"om_disable_all_campaigns":false,"_jetpack_memberships_contains_paid_content":false,"footnotes":""},"categories":[50,101,2],"tags":[],"class_list":["post-47771","post","type-post","status-publish","format-standard","has-post-thumbnail","hentry","category-destacadas","category-interes-general-locales","category-locales"],"aioseo_notices":[],"gutentor_comment":0,"jetpack_featured_media_url":"https:\/\/eldiariodesanpedro.com.ar\/sitio\/wp-content\/uploads\/2019\/02\/000075630.jpg","jetpack_shortlink":"https:\/\/wp.me\/p6RhLt-cqv","jetpack_sharing_enabled":true,"_links":{"self":[{"href":"https:\/\/eldiariodesanpedro.com.ar\/sitio\/wp-json\/wp\/v2\/posts\/47771","targetHints":{"allow":["GET"]}}],"collection":[{"href":"https:\/\/eldiariodesanpedro.com.ar\/sitio\/wp-json\/wp\/v2\/posts"}],"about":[{"href":"https:\/\/eldiariodesanpedro.com.ar\/sitio\/wp-json\/wp\/v2\/types\/post"}],"author":[{"embeddable":true,"href":"https:\/\/eldiariodesanpedro.com.ar\/sitio\/wp-json\/wp\/v2\/users\/4"}],"replies":[{"embeddable":true,"href":"https:\/\/eldiariodesanpedro.com.ar\/sitio\/wp-json\/wp\/v2\/comments?post=47771"}],"version-history":[{"count":1,"href":"https:\/\/eldiariodesanpedro.com.ar\/sitio\/wp-json\/wp\/v2\/posts\/47771\/revisions"}],"predecessor-version":[{"id":47773,"href":"https:\/\/eldiariodesanpedro.com.ar\/sitio\/wp-json\/wp\/v2\/posts\/47771\/revisions\/47773"}],"wp:featuredmedia":[{"embeddable":true,"href":"https:\/\/eldiariodesanpedro.com.ar\/sitio\/wp-json\/wp\/v2\/media\/47772"}],"wp:attachment":[{"href":"https:\/\/eldiariodesanpedro.com.ar\/sitio\/wp-json\/wp\/v2\/media?parent=47771"}],"wp:term":[{"taxonomy":"category","embeddable":true,"href":"https:\/\/eldiariodesanpedro.com.ar\/sitio\/wp-json\/wp\/v2\/categories?post=47771"},{"taxonomy":"post_tag","embeddable":true,"href":"https:\/\/eldiariodesanpedro.com.ar\/sitio\/wp-json\/wp\/v2\/tags?post=47771"}],"curies":[{"name":"wp","href":"https:\/\/api.w.org\/{rel}","templated":true}]}}