{"id":47770,"date":"2019-02-18T09:30:54","date_gmt":"2019-02-18T12:30:54","guid":{"rendered":"https:\/\/eldiariodesanpedro.com.ar\/sitio\/?p=47770"},"modified":"2019-02-18T09:39:30","modified_gmt":"2019-02-18T12:39:30","slug":"el-motociclista-accidentado-fue-derivado-a-la-plata-para-una-intervencion-en-neurocirugia","status":"publish","type":"post","link":"https:\/\/eldiariodesanpedro.com.ar\/sitio\/el-motociclista-accidentado-fue-derivado-a-la-plata-para-una-intervencion-en-neurocirugia\/","title":{"rendered":"El motociclista accidentado fue derivado a La Plata para una intervenci\u00f3n en neurocirug\u00eda"},"content":{"rendered":"<!-- VideographyWP Plugin Message: Automatic video embedding prevented by plugin options. -->\n\n<p>Este sabado por la noche se produjeron dos accidentes graves de transito. Una de las victimas fue traslada el domingo por el helic\u00f3ptero sanitario a un centro de mayor complejidad en la ciudad de La Plata.<\/p>\n\n\n\n<p>El joven, identificado como Sebasti\u00e1n Duza, permanec\u00eda internado en terapia intensiva del nosocomio local luego de colisionar con su moto 125 cc contra un autom\u00f3vil en intersecci\u00f3n de las calles Anibal de Anton y Tres de Febrero.<\/p>\n\n\n\n<p>Sebastian ingreso a la guardia con un traumatismo de cr\u00e1neo severo\u00a0donde las autoridades del Hospital decidieron trasladarlo a un centro de mayor complejidad.<\/p>\n\n\n\n<p>As\u00ed fue como este domingo alrededor de las 14:30 horas llego el helic\u00f3ptero sanitario a nuestra ciudad para trasladarlo al Hospital San Mart\u00edn de La Plata.<\/p>\n\n\n\n<p>El jefe de guardia del servicio de emergencias cont\u00f3 a este medio los motivos del traslado \u00abTiene un compromiso cerebral importante, con una hemorragia y un edema que provoca da\u00f1o estructural del cerebro. Es un tema de neurocirug\u00eda, que aqu\u00ed en nuestro hospital no tenemos esa complejidad\u00bb.<\/p>\n","protected":false},"excerpt":{"rendered":"<p>Este sabado por la noche se produjeron dos accidentes graves de transito. Una de las victimas fue traslada el domingo por el helic\u00f3ptero sanitario a un centro de mayor complejidad en la ciudad de La Plata. El joven, identificado como Sebasti\u00e1n Duza, permanec\u00eda internado en terapia intensiva del nosocomio local luego de colisionar con su [&hellip;]<\/p>\n","protected":false},"author":4,"featured_media":22010,"comment_status":"open","ping_status":"closed","sticky":false,"template":"","format":"standard","meta":{"om_disable_all_campaigns":false,"_jetpack_memberships_contains_paid_content":false,"footnotes":""},"categories":[101,2],"tags":[],"class_list":["post-47770","post","type-post","status-publish","format-standard","has-post-thumbnail","hentry","category-interes-general-locales","category-locales"],"aioseo_notices":[],"gutentor_comment":0,"jetpack_featured_media_url":"https:\/\/eldiariodesanpedro.com.ar\/sitio\/wp-content\/uploads\/2017\/08\/El-helic\u00f3ptero-estuvo-casi-dos-horas-en-el-Estadio-Municipal.jpg","jetpack_shortlink":"https:\/\/wp.me\/p6RhLt-cqu","jetpack_sharing_enabled":true,"_links":{"self":[{"href":"https:\/\/eldiariodesanpedro.com.ar\/sitio\/wp-json\/wp\/v2\/posts\/47770","targetHints":{"allow":["GET"]}}],"collection":[{"href":"https:\/\/eldiariodesanpedro.com.ar\/sitio\/wp-json\/wp\/v2\/posts"}],"about":[{"href":"https:\/\/eldiariodesanpedro.com.ar\/sitio\/wp-json\/wp\/v2\/types\/post"}],"author":[{"embeddable":true,"href":"https:\/\/eldiariodesanpedro.com.ar\/sitio\/wp-json\/wp\/v2\/users\/4"}],"replies":[{"embeddable":true,"href":"https:\/\/eldiariodesanpedro.com.ar\/sitio\/wp-json\/wp\/v2\/comments?post=47770"}],"version-history":[{"count":3,"href":"https:\/\/eldiariodesanpedro.com.ar\/sitio\/wp-json\/wp\/v2\/posts\/47770\/revisions"}],"predecessor-version":[{"id":47790,"href":"https:\/\/eldiariodesanpedro.com.ar\/sitio\/wp-json\/wp\/v2\/posts\/47770\/revisions\/47790"}],"wp:featuredmedia":[{"embeddable":true,"href":"https:\/\/eldiariodesanpedro.com.ar\/sitio\/wp-json\/wp\/v2\/media\/22010"}],"wp:attachment":[{"href":"https:\/\/eldiariodesanpedro.com.ar\/sitio\/wp-json\/wp\/v2\/media?parent=47770"}],"wp:term":[{"taxonomy":"category","embeddable":true,"href":"https:\/\/eldiariodesanpedro.com.ar\/sitio\/wp-json\/wp\/v2\/categories?post=47770"},{"taxonomy":"post_tag","embeddable":true,"href":"https:\/\/eldiariodesanpedro.com.ar\/sitio\/wp-json\/wp\/v2\/tags?post=47770"}],"curies":[{"name":"wp","href":"https:\/\/api.w.org\/{rel}","templated":true}]}}