{"id":47764,"date":"2019-02-18T08:54:45","date_gmt":"2019-02-18T11:54:45","guid":{"rendered":"https:\/\/eldiariodesanpedro.com.ar\/sitio\/?p=47764"},"modified":"2019-02-18T08:54:51","modified_gmt":"2019-02-18T11:54:51","slug":"robaron-una-motocicleta-de-una-vivienda","status":"publish","type":"post","link":"https:\/\/eldiariodesanpedro.com.ar\/sitio\/robaron-una-motocicleta-de-una-vivienda\/","title":{"rendered":"Robaron una motocicleta de una vivienda"},"content":{"rendered":"<!-- VideographyWP Plugin Message: Automatic video embedding prevented by plugin options. -->\n\n<p>El hecho ocurri\u00f3 en la noche del domingo, delincuentes ignorados sustrajeron la motocicleta 70 cc de un garage.<\/p>\n\n\n\n<p>As\u00ed lo denuncio en la dependencia local, una joven de 22 a\u00f1os de edad al constatar que los malvivientes le sustrajeron la moto de su vivienda ubicada en Manuel Iglesias al 1700 tras violentar el candado.<\/p>\n\n\n\n<p>Investiga el hecho la fiscalia en turno.<\/p>\n\n\n\n<p><br><\/p>\n","protected":false},"excerpt":{"rendered":"<p>El hecho ocurri\u00f3 en la noche del domingo, delincuentes ignorados sustrajeron la motocicleta 70 cc de un garage. As\u00ed lo denuncio en la dependencia local, una joven de 22 a\u00f1os de edad al constatar que los malvivientes le sustrajeron la moto de su vivienda ubicada en Manuel Iglesias al 1700 tras violentar el candado. Investiga [&hellip;]<\/p>\n","protected":false},"author":4,"featured_media":39230,"comment_status":"open","ping_status":"closed","sticky":false,"template":"","format":"standard","meta":{"om_disable_all_campaigns":false,"_jetpack_memberships_contains_paid_content":false,"footnotes":""},"categories":[2,103],"tags":[],"class_list":["post-47764","post","type-post","status-publish","format-standard","has-post-thumbnail","hentry","category-locales","category-policiales-locales"],"aioseo_notices":[],"gutentor_comment":0,"jetpack_featured_media_url":"https:\/\/eldiariodesanpedro.com.ar\/sitio\/wp-content\/uploads\/2018\/08\/patrullero-policia_3.jpg","jetpack_shortlink":"https:\/\/wp.me\/p6RhLt-cqo","jetpack_sharing_enabled":true,"_links":{"self":[{"href":"https:\/\/eldiariodesanpedro.com.ar\/sitio\/wp-json\/wp\/v2\/posts\/47764","targetHints":{"allow":["GET"]}}],"collection":[{"href":"https:\/\/eldiariodesanpedro.com.ar\/sitio\/wp-json\/wp\/v2\/posts"}],"about":[{"href":"https:\/\/eldiariodesanpedro.com.ar\/sitio\/wp-json\/wp\/v2\/types\/post"}],"author":[{"embeddable":true,"href":"https:\/\/eldiariodesanpedro.com.ar\/sitio\/wp-json\/wp\/v2\/users\/4"}],"replies":[{"embeddable":true,"href":"https:\/\/eldiariodesanpedro.com.ar\/sitio\/wp-json\/wp\/v2\/comments?post=47764"}],"version-history":[{"count":1,"href":"https:\/\/eldiariodesanpedro.com.ar\/sitio\/wp-json\/wp\/v2\/posts\/47764\/revisions"}],"predecessor-version":[{"id":47765,"href":"https:\/\/eldiariodesanpedro.com.ar\/sitio\/wp-json\/wp\/v2\/posts\/47764\/revisions\/47765"}],"wp:featuredmedia":[{"embeddable":true,"href":"https:\/\/eldiariodesanpedro.com.ar\/sitio\/wp-json\/wp\/v2\/media\/39230"}],"wp:attachment":[{"href":"https:\/\/eldiariodesanpedro.com.ar\/sitio\/wp-json\/wp\/v2\/media?parent=47764"}],"wp:term":[{"taxonomy":"category","embeddable":true,"href":"https:\/\/eldiariodesanpedro.com.ar\/sitio\/wp-json\/wp\/v2\/categories?post=47764"},{"taxonomy":"post_tag","embeddable":true,"href":"https:\/\/eldiariodesanpedro.com.ar\/sitio\/wp-json\/wp\/v2\/tags?post=47764"}],"curies":[{"name":"wp","href":"https:\/\/api.w.org\/{rel}","templated":true}]}}