{"id":4765,"date":"2016-05-27T18:30:28","date_gmt":"2016-05-27T21:30:28","guid":{"rendered":"https:\/\/eldiariodesanpedro.com.ar\/sitio\/?p=4765"},"modified":"2016-05-27T18:30:28","modified_gmt":"2016-05-27T21:30:28","slug":"salazar-recibio-a-funcionarios-de-nacion-que-recorrieron-barrios-perifericos-de-la-ciudad","status":"publish","type":"post","link":"https:\/\/eldiariodesanpedro.com.ar\/sitio\/salazar-recibio-a-funcionarios-de-nacion-que-recorrieron-barrios-perifericos-de-la-ciudad\/","title":{"rendered":"Salazar recibi\u00f3 a funcionarios de Naci\u00f3n que recorrieron barrios perif\u00e9ricos de la ciudad"},"content":{"rendered":"<p><!-- VideographyWP Plugin Message: Automatic video embedding prevented by plugin options. --><br \/>\nEn la jornada de ayer el Intendente Cecilio Salazar recibi\u00f3 al Director de H\u00e1bitat y Desarrollo Humano de la Naci\u00f3n Zona Buenos Aires, Licenciado Alberto Nazer, y la Coordinadora del \u00e1rea Desarrollo Humanos, Mar\u00eda de Carabassa, junto al Arquitecto Alberto Spadoni.<br \/>\nLos funcionarios recorrieron el bajo puerto, el futuro barrio 88 viviendas, barrio obrero y diferentes partes de la ciudad para conocer cu\u00e1les son las necesidades de las distintas zonas y de los vecinos que all\u00ed viven. La iniciativa es ir \u00abplanificando una mejora de los espacios p\u00fablicos y los servicios, adem\u00e1s de la construcci\u00f3n de espacios culturales y recreativos para que todos puedan tener la calidad de vida que se merecen\u00bb, aseguraron desde la Municipalidad de San Pedro en un comunicado.<\/p>\n","protected":false},"excerpt":{"rendered":"<p>En la jornada de ayer el Intendente Cecilio Salazar recibi\u00f3 al Director de H\u00e1bitat y Desarrollo Humano de la Naci\u00f3n Zona Buenos Aires, Licenciado Alberto Nazer, y la Coordinadora del \u00e1rea Desarrollo Humanos, Mar\u00eda de Carabassa, junto al Arquitecto Alberto Spadoni. Los funcionarios recorrieron el bajo puerto, el futuro barrio 88 viviendas, barrio obrero y [&hellip;]<\/p>\n","protected":false},"author":4,"featured_media":4766,"comment_status":"open","ping_status":"closed","sticky":false,"template":"","format":"standard","meta":{"om_disable_all_campaigns":false,"_jetpack_memberships_contains_paid_content":false,"footnotes":""},"categories":[50,2,102],"tags":[],"class_list":["post-4765","post","type-post","status-publish","format-standard","has-post-thumbnail","hentry","category-destacadas","category-locales","category-politica-locales"],"aioseo_notices":[],"gutentor_comment":0,"jetpack_featured_media_url":"https:\/\/eldiariodesanpedro.com.ar\/sitio\/wp-content\/uploads\/2016\/05\/PAGINA-5-02-9.jpg","jetpack_shortlink":"https:\/\/wp.me\/p6RhLt-1eR","jetpack_sharing_enabled":true,"_links":{"self":[{"href":"https:\/\/eldiariodesanpedro.com.ar\/sitio\/wp-json\/wp\/v2\/posts\/4765","targetHints":{"allow":["GET"]}}],"collection":[{"href":"https:\/\/eldiariodesanpedro.com.ar\/sitio\/wp-json\/wp\/v2\/posts"}],"about":[{"href":"https:\/\/eldiariodesanpedro.com.ar\/sitio\/wp-json\/wp\/v2\/types\/post"}],"author":[{"embeddable":true,"href":"https:\/\/eldiariodesanpedro.com.ar\/sitio\/wp-json\/wp\/v2\/users\/4"}],"replies":[{"embeddable":true,"href":"https:\/\/eldiariodesanpedro.com.ar\/sitio\/wp-json\/wp\/v2\/comments?post=4765"}],"version-history":[{"count":1,"href":"https:\/\/eldiariodesanpedro.com.ar\/sitio\/wp-json\/wp\/v2\/posts\/4765\/revisions"}],"predecessor-version":[{"id":4767,"href":"https:\/\/eldiariodesanpedro.com.ar\/sitio\/wp-json\/wp\/v2\/posts\/4765\/revisions\/4767"}],"wp:featuredmedia":[{"embeddable":true,"href":"https:\/\/eldiariodesanpedro.com.ar\/sitio\/wp-json\/wp\/v2\/media\/4766"}],"wp:attachment":[{"href":"https:\/\/eldiariodesanpedro.com.ar\/sitio\/wp-json\/wp\/v2\/media?parent=4765"}],"wp:term":[{"taxonomy":"category","embeddable":true,"href":"https:\/\/eldiariodesanpedro.com.ar\/sitio\/wp-json\/wp\/v2\/categories?post=4765"},{"taxonomy":"post_tag","embeddable":true,"href":"https:\/\/eldiariodesanpedro.com.ar\/sitio\/wp-json\/wp\/v2\/tags?post=4765"}],"curies":[{"name":"wp","href":"https:\/\/api.w.org\/{rel}","templated":true}]}}