{"id":47577,"date":"2019-02-15T09:04:13","date_gmt":"2019-02-15T12:04:13","guid":{"rendered":"https:\/\/eldiariodesanpedro.com.ar\/sitio\/?p=47577"},"modified":"2019-02-15T09:04:34","modified_gmt":"2019-02-15T12:04:34","slug":"celupaper-suspendera-su-produccion-por-treinta-dias","status":"publish","type":"post","link":"https:\/\/eldiariodesanpedro.com.ar\/sitio\/celupaper-suspendera-su-produccion-por-treinta-dias\/","title":{"rendered":"Celupaper: Suspender\u00e1 su producci\u00f3n por treinta d\u00edas"},"content":{"rendered":"<!-- VideographyWP Plugin Message: Automatic video embedding prevented by plugin options. -->\n\n<p>Los empleados se enteraron a trav\u00e9s de un comunicado donde la empresa se refer\u00eda a un adelanto de vacaciones a partir de este sabado 16.<\/p>\n\n\n\n<p>\u00abNos avisaron el mi\u00e9rcoles por la tarde, ya hab\u00edan tomado la decisi\u00f3n, nos dijeron que los motivos  es por la falta de bobinas de papel ante la ca\u00edda de la demanda y por las subas en el servicio el\u00e9ctrico; pero ademas esta rota una maquina\u00bb, contaba uno de los 30 empleados que tiene la empresa a una emisora radial.<\/p>\n\n\n\n<p>Recordemos que el a\u00f1o pasado (2018) fue de publico conocimiento los conflictos de la empresa con los trabajadores, donde estos \u00faltimos, tuvieron el apoyo  de la CGT Regional San Pedro Baradero,  paralizando la f\u00e1brica con un reclamo originado por la suspensi\u00f3n de 19 trabajadores sin goce de sueldo. <\/p>\n\n\n\n<p>Tambi\u00e9n se conocieron  amenazas de cierre por parte del empresario, una situaci\u00f3n que se normalizo luego de los meses de julio con audiencias en el Ministerio de Trabajo.<\/p>\n\n\n\n<p>Hoy en la actualidad, la empresa comienza este 2019 suspendiendo por un mes la producci\u00f3n, nuevamente Celupaper vuelve a cerrar sus puertas donde se dialogara con los empleados el pr\u00f3ximo lunes en una audiencia con el Ministerio de Trabajo en la localidad vecina de Baradero.<\/p>\n\n\n\n<p>Tras esta situaci\u00f3n, hay trabajadores que planean una medida de fuerza.<\/p>\n\n\n\n<p><\/p>\n","protected":false},"excerpt":{"rendered":"<p>Los empleados se enteraron a trav\u00e9s de un comunicado donde la empresa se refer\u00eda a un adelanto de vacaciones a partir de este sabado 16. \u00abNos avisaron el mi\u00e9rcoles por la tarde, ya hab\u00edan tomado la decisi\u00f3n, nos dijeron que los motivos es por la falta de bobinas de papel ante la ca\u00edda de la [&hellip;]<\/p>\n","protected":false},"author":4,"featured_media":47578,"comment_status":"open","ping_status":"closed","sticky":false,"template":"","format":"standard","meta":{"om_disable_all_campaigns":false,"_jetpack_memberships_contains_paid_content":false,"footnotes":""},"categories":[50,101,2],"tags":[],"class_list":["post-47577","post","type-post","status-publish","format-standard","has-post-thumbnail","hentry","category-destacadas","category-interes-general-locales","category-locales"],"aioseo_notices":[],"gutentor_comment":0,"jetpack_featured_media_url":"https:\/\/eldiariodesanpedro.com.ar\/sitio\/wp-content\/uploads\/2019\/02\/Celupaper-paro.jpg","jetpack_shortlink":"https:\/\/wp.me\/p6RhLt-cnn","jetpack_sharing_enabled":true,"_links":{"self":[{"href":"https:\/\/eldiariodesanpedro.com.ar\/sitio\/wp-json\/wp\/v2\/posts\/47577","targetHints":{"allow":["GET"]}}],"collection":[{"href":"https:\/\/eldiariodesanpedro.com.ar\/sitio\/wp-json\/wp\/v2\/posts"}],"about":[{"href":"https:\/\/eldiariodesanpedro.com.ar\/sitio\/wp-json\/wp\/v2\/types\/post"}],"author":[{"embeddable":true,"href":"https:\/\/eldiariodesanpedro.com.ar\/sitio\/wp-json\/wp\/v2\/users\/4"}],"replies":[{"embeddable":true,"href":"https:\/\/eldiariodesanpedro.com.ar\/sitio\/wp-json\/wp\/v2\/comments?post=47577"}],"version-history":[{"count":1,"href":"https:\/\/eldiariodesanpedro.com.ar\/sitio\/wp-json\/wp\/v2\/posts\/47577\/revisions"}],"predecessor-version":[{"id":47579,"href":"https:\/\/eldiariodesanpedro.com.ar\/sitio\/wp-json\/wp\/v2\/posts\/47577\/revisions\/47579"}],"wp:featuredmedia":[{"embeddable":true,"href":"https:\/\/eldiariodesanpedro.com.ar\/sitio\/wp-json\/wp\/v2\/media\/47578"}],"wp:attachment":[{"href":"https:\/\/eldiariodesanpedro.com.ar\/sitio\/wp-json\/wp\/v2\/media?parent=47577"}],"wp:term":[{"taxonomy":"category","embeddable":true,"href":"https:\/\/eldiariodesanpedro.com.ar\/sitio\/wp-json\/wp\/v2\/categories?post=47577"},{"taxonomy":"post_tag","embeddable":true,"href":"https:\/\/eldiariodesanpedro.com.ar\/sitio\/wp-json\/wp\/v2\/tags?post=47577"}],"curies":[{"name":"wp","href":"https:\/\/api.w.org\/{rel}","templated":true}]}}