{"id":47570,"date":"2019-02-14T18:58:32","date_gmt":"2019-02-14T21:58:32","guid":{"rendered":"https:\/\/eldiariodesanpedro.com.ar\/sitio\/?p=47570"},"modified":"2019-02-14T19:07:23","modified_gmt":"2019-02-14T22:07:23","slug":"a-seis-anos-de-la-muerte-de-patricia-sagrera-la-causa-sigue-sin-fiscal","status":"publish","type":"post","link":"https:\/\/eldiariodesanpedro.com.ar\/sitio\/a-seis-anos-de-la-muerte-de-patricia-sagrera-la-causa-sigue-sin-fiscal\/","title":{"rendered":"A seis a\u00f1os de la muerte de Patricia Sagrera la causa sigue sin Fiscal"},"content":{"rendered":"<!-- VideographyWP Plugin Message: Automatic video embedding prevented by plugin options. -->\n\n<p>El Dr. Mariescurrena fue el cuarto letrado que resolvi\u00f3 apartarse de la causa. La familia est\u00e1 decidida a no callarse m\u00e1s y cuestion\u00f3 el comportamiento de la justicia. La mujer falleci\u00f3 en Sadiv.<\/p>\n\n\n\n<p>Por:  <a href=\"https:\/\/www.sanpedroinforma.com.ar\/\">San Pedro Informa<\/a> <\/p>\n\n\n\n<p>El lunes 11 de febrero se cumplieron seis a\u00f1os de la muerte de Patricia Sagrera, ten\u00eda 49 a\u00f1os, padec\u00eda s\u00edndrome de down y pasaba sus d\u00edas en el hogar de d\u00eda de Sadiv. La mujer falleci\u00f3 ahogada por el consumo de una comida indebida; mal proporcionada que los responsables del \u00e1rea y contrastando con lo indicado en los legajos existentes dentro de la instituci\u00f3n.&nbsp;&nbsp;<\/p>\n\n\n\n<p>La familia Sagrera decidi\u00f3 no callar m\u00e1s y hacerle frente a todo lo que venga. Ellos mismos sostienen que el Fiscal Marcelo Manso realiz\u00f3 toda la investigaci\u00f3n como era debido, antes de excusarse, y que la hab\u00eda dejado lista para elevarla a juicio, pero nadie dio el paso que faltaba.<\/p>\n\n\n\n<p>Es que tras la salida del letrado ninguno de los fiscales a los que se les asign\u00f3 el caso se quiso hacer cargo argumentando distintos aspectos legales. Primero fue la Dra. Viviana Ramos, luego el fiscal Hern\u00e1n Granda y por \u00faltimo el Dr. Mart\u00edn Mariescurrena, los tres decidieron apartarse y dejar en manos de la fiscal\u00eda general la designaci\u00f3n de un nuevo letrado que trabaje en el caso.<\/p>\n\n\n\n<p>\u201cLas pruebas que figuran en el expediente son claras, entonces lo que no entendemos es el porqu\u00e9 de las excusaciones de los fiscales\u201d, se\u00f1al\u00f3 Cristina Sagrera, hermana de la v\u00edctima.<\/p>\n\n\n\n<p>\u201cNo vamos a bajar los brazos y creemos que una causa de estas caracter\u00edsticas no puede ser que se est\u00e9 demorando tanto, que la causa no avance, que sigamos esperando que un fiscal decida seguir adelante\u201d, agreg\u00f3.<\/p>\n\n\n\n<p>\u201cNosotros hemos tratado siempre de ser objetivos y contar los hechos, pero nos fueron inquietando algunas cosas que fueron pasando, como las excusaciones de los fiscales y la desaparici\u00f3n de pruebas\u201d, dijo Jorge Sagrera.<\/p>\n\n\n\n<p>\u201cA nosotros estas cuestiones nos movilizan y en mi opini\u00f3n, en todo esto hay una suerte de indolencia, una dejadez en no tomar las cuestiones con responsabilidad y otra parte que yo agregar\u00eda es conveniencia, no podr\u00eda dilucidar en qu\u00e9 punto se produce pero algo de eso existe\u201d.<\/p>\n\n\n\n<p>\u201cNo es posible encontrar justicia en San Pedro si hay excusaciones porque alguien conoce a un imputado, siempre va haber alguien que conozca a otro en comunidades chicas y en este corredor de Baradero hasta San Nicol\u00e1s ha ocurrido mucho\u201d, asegur\u00f3.<\/p>\n\n\n\n<p>\u201cLa justicia es muda y lenta, en estos seis a\u00f1os se les han tapado todos los sentidos, no ve, no escucha, no habla\u201d.<\/p>\n\n\n\n<p>Sobre el comportamiento de la entidad, Jorge Sagrera coment\u00f3: \u201cLa instituci\u00f3n nos recibi\u00f3 y nos inform\u00f3 que se hab\u00eda servido la comida como era debido, pero luego se comprob\u00f3 que no fue as\u00ed, ah\u00ed fue donde decidimos recurrir a la justicia\u201d.<\/p>\n\n\n\n<p>\u201cLos propios trabajadores que estaban en el momento del hecho aseguraron que Patricia comi\u00f3 los ravioles enteros, que nadie les hab\u00eda dicho como los ten\u00eda que consumir\u201d.<\/p>\n\n\n\n<p>\u201cEst\u00e1 el legajo de Patricia donde dice claramente c\u00f3mo ten\u00eda que comer\u201d.<\/p>\n\n\n\n<p>\u201cPasaron varias cosas que nos llamaron la atenci\u00f3n, con las cuales tuvimos que acostumbrarnos a convivir\u201d.<\/p>\n\n\n\n<p>\u201cLlamativamente cada vez que alguien ten\u00eda que ir a declarar, ya sean auxiliares, orientadores, nutricionistas, o enfermeras, eran acompa\u00f1ados por el administrador de la instituci\u00f3n, como para decir\u2026 ac\u00e1 estoy yo, como certificaci\u00f3n de cada uno ten\u00eda que decir el librito aprendido, siempre pasaron cosas llamativas\u201d.<\/p>\n\n\n\n<p><br><\/p>\n","protected":false},"excerpt":{"rendered":"<p>El Dr. Mariescurrena fue el cuarto letrado que resolvi\u00f3 apartarse de la causa. La familia est\u00e1 decidida a no callarse m\u00e1s y cuestion\u00f3 el comportamiento de la justicia. La mujer falleci\u00f3 en Sadiv. Por: San Pedro Informa El lunes 11 de febrero se cumplieron seis a\u00f1os de la muerte de Patricia Sagrera, ten\u00eda 49 a\u00f1os, [&hellip;]<\/p>\n","protected":false},"author":4,"featured_media":47571,"comment_status":"open","ping_status":"closed","sticky":false,"template":"","format":"standard","meta":{"om_disable_all_campaigns":false,"_jetpack_memberships_contains_paid_content":false,"footnotes":""},"categories":[101,2],"tags":[],"class_list":["post-47570","post","type-post","status-publish","format-standard","has-post-thumbnail","hentry","category-interes-general-locales","category-locales"],"aioseo_notices":[],"gutentor_comment":0,"jetpack_featured_media_url":"https:\/\/eldiariodesanpedro.com.ar\/sitio\/wp-content\/uploads\/2019\/02\/000075535.jpg","jetpack_shortlink":"https:\/\/wp.me\/p6RhLt-cng","jetpack_sharing_enabled":true,"_links":{"self":[{"href":"https:\/\/eldiariodesanpedro.com.ar\/sitio\/wp-json\/wp\/v2\/posts\/47570","targetHints":{"allow":["GET"]}}],"collection":[{"href":"https:\/\/eldiariodesanpedro.com.ar\/sitio\/wp-json\/wp\/v2\/posts"}],"about":[{"href":"https:\/\/eldiariodesanpedro.com.ar\/sitio\/wp-json\/wp\/v2\/types\/post"}],"author":[{"embeddable":true,"href":"https:\/\/eldiariodesanpedro.com.ar\/sitio\/wp-json\/wp\/v2\/users\/4"}],"replies":[{"embeddable":true,"href":"https:\/\/eldiariodesanpedro.com.ar\/sitio\/wp-json\/wp\/v2\/comments?post=47570"}],"version-history":[{"count":3,"href":"https:\/\/eldiariodesanpedro.com.ar\/sitio\/wp-json\/wp\/v2\/posts\/47570\/revisions"}],"predecessor-version":[{"id":47574,"href":"https:\/\/eldiariodesanpedro.com.ar\/sitio\/wp-json\/wp\/v2\/posts\/47570\/revisions\/47574"}],"wp:featuredmedia":[{"embeddable":true,"href":"https:\/\/eldiariodesanpedro.com.ar\/sitio\/wp-json\/wp\/v2\/media\/47571"}],"wp:attachment":[{"href":"https:\/\/eldiariodesanpedro.com.ar\/sitio\/wp-json\/wp\/v2\/media?parent=47570"}],"wp:term":[{"taxonomy":"category","embeddable":true,"href":"https:\/\/eldiariodesanpedro.com.ar\/sitio\/wp-json\/wp\/v2\/categories?post=47570"},{"taxonomy":"post_tag","embeddable":true,"href":"https:\/\/eldiariodesanpedro.com.ar\/sitio\/wp-json\/wp\/v2\/tags?post=47570"}],"curies":[{"name":"wp","href":"https:\/\/api.w.org\/{rel}","templated":true}]}}