{"id":47565,"date":"2019-02-14T12:06:13","date_gmt":"2019-02-14T15:06:13","guid":{"rendered":"https:\/\/eldiariodesanpedro.com.ar\/sitio\/?p=47565"},"modified":"2019-02-14T12:06:29","modified_gmt":"2019-02-14T15:06:29","slug":"campana-dos-guardiacarceles-fueron-heridos-por-reclusos-en-la-unidad-21","status":"publish","type":"post","link":"https:\/\/eldiariodesanpedro.com.ar\/sitio\/campana-dos-guardiacarceles-fueron-heridos-por-reclusos-en-la-unidad-21\/","title":{"rendered":"CAMPANA: Dos guardiac\u00e1rceles fueron heridos por reclusos en la Unidad 21"},"content":{"rendered":"<!-- VideographyWP Plugin Message: Automatic video embedding prevented by plugin options. -->\n\n<p>El hecho ocurri\u00f3 d\u00edas antes de la inauguraci\u00f3n de la nueva Unidad para j\u00f3venes, pero trascendi\u00f3 recientemente. Con elementos corto punzantes lesionados a dos agentes del Servicio. Los reclusos mantienen una postura hostil, y aseguran que es la \u00fanica manera de ser trasladados a otro Penal.<\/p>\n\n\n\n<p>Otro incidente violento en el Penal local, y esta vez, con el saldo de dos agentes heridos. El ataque se produjo el pasado S\u00e1bado, en horas de la tarde, pero trascendi\u00f3 reci\u00e9n poco despu\u00e9s de haberse inaugurado la c\u00e1rcel modelo para j\u00f3venes, en el mismo complejo carcelario.<\/p>\n\n\n\n<p>El hecho se produjo en el pabell\u00f3n dos del sector de m\u00e1xima seguridad, cuando un recluso hab\u00eda solicitado ser removido de celda por supuestos problemas de convivencia con otros dos pares. Pero al realizarse el operativo a tal fin, dos de los internos atacaron al personal interviniente con facas y objetos corto punzantes, lesionando a dos uniformados.<\/p>\n\n\n\n<p>El Grupo de Intervenciones Especiales de la Unidad Penal logr\u00f3 reducir a los violentos, quienes fueron trasladados al servicio m\u00e9dico del lugar junto a los heridos que, finalmente, no revest\u00edan lesiones de gravedad.<\/p>\n\n\n\n<p>\u201cLastimando al personal es la mejor manera de salir de traslado\u201d habr\u00edan declarado los detenidos, en coincidencia con los dichos de otros presos en situaciones similares. Los reclusos fueron identificados como Nicol\u00e1s Storch, Cristian Balbuena y Sergio P\u00e9rez, quienes permanecen alojados en el mismo lugar a la espera de las sanciones correspondientes.<\/p>\n\n\n\n<p>Fuente: Campana Noticias<\/p>\n","protected":false},"excerpt":{"rendered":"<p>El hecho ocurri\u00f3 d\u00edas antes de la inauguraci\u00f3n de la nueva Unidad para j\u00f3venes, pero trascendi\u00f3 recientemente. Con elementos corto punzantes lesionados a dos agentes del Servicio. Los reclusos mantienen una postura hostil, y aseguran que es la \u00fanica manera de ser trasladados a otro Penal. Otro incidente violento en el Penal local, y esta [&hellip;]<\/p>\n","protected":false},"author":4,"featured_media":47566,"comment_status":"open","ping_status":"closed","sticky":false,"template":"","format":"standard","meta":{"om_disable_all_campaigns":false,"_jetpack_memberships_contains_paid_content":false,"footnotes":""},"categories":[621],"tags":[],"class_list":["post-47565","post","type-post","status-publish","format-standard","has-post-thumbnail","hentry","category-regionales"],"aioseo_notices":[],"gutentor_comment":0,"jetpack_featured_media_url":"https:\/\/eldiariodesanpedro.com.ar\/sitio\/wp-content\/uploads\/2019\/02\/campana_46.jpg","jetpack_shortlink":"https:\/\/wp.me\/p6RhLt-cnb","jetpack_sharing_enabled":true,"_links":{"self":[{"href":"https:\/\/eldiariodesanpedro.com.ar\/sitio\/wp-json\/wp\/v2\/posts\/47565","targetHints":{"allow":["GET"]}}],"collection":[{"href":"https:\/\/eldiariodesanpedro.com.ar\/sitio\/wp-json\/wp\/v2\/posts"}],"about":[{"href":"https:\/\/eldiariodesanpedro.com.ar\/sitio\/wp-json\/wp\/v2\/types\/post"}],"author":[{"embeddable":true,"href":"https:\/\/eldiariodesanpedro.com.ar\/sitio\/wp-json\/wp\/v2\/users\/4"}],"replies":[{"embeddable":true,"href":"https:\/\/eldiariodesanpedro.com.ar\/sitio\/wp-json\/wp\/v2\/comments?post=47565"}],"version-history":[{"count":1,"href":"https:\/\/eldiariodesanpedro.com.ar\/sitio\/wp-json\/wp\/v2\/posts\/47565\/revisions"}],"predecessor-version":[{"id":47567,"href":"https:\/\/eldiariodesanpedro.com.ar\/sitio\/wp-json\/wp\/v2\/posts\/47565\/revisions\/47567"}],"wp:featuredmedia":[{"embeddable":true,"href":"https:\/\/eldiariodesanpedro.com.ar\/sitio\/wp-json\/wp\/v2\/media\/47566"}],"wp:attachment":[{"href":"https:\/\/eldiariodesanpedro.com.ar\/sitio\/wp-json\/wp\/v2\/media?parent=47565"}],"wp:term":[{"taxonomy":"category","embeddable":true,"href":"https:\/\/eldiariodesanpedro.com.ar\/sitio\/wp-json\/wp\/v2\/categories?post=47565"},{"taxonomy":"post_tag","embeddable":true,"href":"https:\/\/eldiariodesanpedro.com.ar\/sitio\/wp-json\/wp\/v2\/tags?post=47565"}],"curies":[{"name":"wp","href":"https:\/\/api.w.org\/{rel}","templated":true}]}}