{"id":47561,"date":"2019-02-14T12:04:01","date_gmt":"2019-02-14T15:04:01","guid":{"rendered":"https:\/\/eldiariodesanpedro.com.ar\/sitio\/?p=47561"},"modified":"2019-02-14T12:04:16","modified_gmt":"2019-02-14T15:04:16","slug":"ramallo-aparecio-el-conductor-que-abandono-a-la-atropellada","status":"publish","type":"post","link":"https:\/\/eldiariodesanpedro.com.ar\/sitio\/ramallo-aparecio-el-conductor-que-abandono-a-la-atropellada\/","title":{"rendered":"RAMALLO: Apareci\u00f3 el conductor que abandon\u00f3 a la atropellada"},"content":{"rendered":"<!-- VideographyWP Plugin Message: Automatic video embedding prevented by plugin options. -->\n\n<p>El hombre que impact\u00f3 con su auto a una vecina en Villa Ramallo se present\u00f3 en la Comisar\u00eda.<\/p>\n\n\n\n<p>Se trata del conductor del veh\u00edculo que&nbsp;colision\u00f3 contra la bicicleta de una vecina de 39 a\u00f1os que circulaba el viernes por la ma\u00f1ana&nbsp;por la intersecci\u00f3n de las calles Sarmiento e Iribas en Villa Ramallo.<\/p>\n\n\n\n<p>Los bomberos fueron al rescate de la mujer y encontraron que el conductor del autom\u00f3vil no se encontraba presente en el lugar.<\/p>\n\n\n\n<p>La Comisar\u00eda Segunda de la mencionada localidad inform\u00f3 que el autom\u00f3vil es un Citroen C4 y el conductor, de 75 a\u00f1os, se present\u00f3 espont\u00e1neamente. Deber\u00e1 enfrentar la causa abierta por la Ayudant\u00eda Fiscal local denominada Lesiones Culposas.<\/p>\n\n\n\n<p>Fuente: Ramallo Informa<\/p>\n","protected":false},"excerpt":{"rendered":"<p>El hombre que impact\u00f3 con su auto a una vecina en Villa Ramallo se present\u00f3 en la Comisar\u00eda. Se trata del conductor del veh\u00edculo que&nbsp;colision\u00f3 contra la bicicleta de una vecina de 39 a\u00f1os que circulaba el viernes por la ma\u00f1ana&nbsp;por la intersecci\u00f3n de las calles Sarmiento e Iribas en Villa Ramallo. Los bomberos fueron [&hellip;]<\/p>\n","protected":false},"author":4,"featured_media":47562,"comment_status":"open","ping_status":"closed","sticky":false,"template":"","format":"standard","meta":{"om_disable_all_campaigns":false,"_jetpack_memberships_contains_paid_content":false,"footnotes":""},"categories":[621],"tags":[],"class_list":["post-47561","post","type-post","status-publish","format-standard","has-post-thumbnail","hentry","category-regionales"],"aioseo_notices":[],"gutentor_comment":0,"jetpack_featured_media_url":"https:\/\/eldiariodesanpedro.com.ar\/sitio\/wp-content\/uploads\/2019\/02\/comisaria-2_0.jpg","jetpack_shortlink":"https:\/\/wp.me\/p6RhLt-cn7","jetpack_sharing_enabled":true,"_links":{"self":[{"href":"https:\/\/eldiariodesanpedro.com.ar\/sitio\/wp-json\/wp\/v2\/posts\/47561","targetHints":{"allow":["GET"]}}],"collection":[{"href":"https:\/\/eldiariodesanpedro.com.ar\/sitio\/wp-json\/wp\/v2\/posts"}],"about":[{"href":"https:\/\/eldiariodesanpedro.com.ar\/sitio\/wp-json\/wp\/v2\/types\/post"}],"author":[{"embeddable":true,"href":"https:\/\/eldiariodesanpedro.com.ar\/sitio\/wp-json\/wp\/v2\/users\/4"}],"replies":[{"embeddable":true,"href":"https:\/\/eldiariodesanpedro.com.ar\/sitio\/wp-json\/wp\/v2\/comments?post=47561"}],"version-history":[{"count":1,"href":"https:\/\/eldiariodesanpedro.com.ar\/sitio\/wp-json\/wp\/v2\/posts\/47561\/revisions"}],"predecessor-version":[{"id":47563,"href":"https:\/\/eldiariodesanpedro.com.ar\/sitio\/wp-json\/wp\/v2\/posts\/47561\/revisions\/47563"}],"wp:featuredmedia":[{"embeddable":true,"href":"https:\/\/eldiariodesanpedro.com.ar\/sitio\/wp-json\/wp\/v2\/media\/47562"}],"wp:attachment":[{"href":"https:\/\/eldiariodesanpedro.com.ar\/sitio\/wp-json\/wp\/v2\/media?parent=47561"}],"wp:term":[{"taxonomy":"category","embeddable":true,"href":"https:\/\/eldiariodesanpedro.com.ar\/sitio\/wp-json\/wp\/v2\/categories?post=47561"},{"taxonomy":"post_tag","embeddable":true,"href":"https:\/\/eldiariodesanpedro.com.ar\/sitio\/wp-json\/wp\/v2\/tags?post=47561"}],"curies":[{"name":"wp","href":"https:\/\/api.w.org\/{rel}","templated":true}]}}