{"id":47557,"date":"2019-02-14T12:00:38","date_gmt":"2019-02-14T15:00:38","guid":{"rendered":"https:\/\/eldiariodesanpedro.com.ar\/sitio\/?p=47557"},"modified":"2019-02-14T12:00:48","modified_gmt":"2019-02-14T15:00:48","slug":"provincia-los-docentes-rechazaron-la-oferta-de-la-provincia","status":"publish","type":"post","link":"https:\/\/eldiariodesanpedro.com.ar\/sitio\/provincia-los-docentes-rechazaron-la-oferta-de-la-provincia\/","title":{"rendered":"PROVINCIA: Los docentes rechazaron la oferta de la Provincia"},"content":{"rendered":"<!-- VideographyWP Plugin Message: Automatic video embedding prevented by plugin options. -->\n\n<p>El gobierno de Vidal convoc\u00f3 a los gremios y el encuentro hab\u00eda pasado a cuarto intermedio por un esc\u00e1ndalo con un sindicato.<\/p>\n\n\n\n<p>El gobierno de la provincia de Buenos Aires les ofreci\u00f3 a los docentes una&nbsp;paritaria 2019 que equipare la inflaci\u00f3n medida por el Indec. Sin embargo, los sindicatos rechazaron la propuesta y convocaron a un paro para el 26 de este mes.<\/p>\n\n\n\n<p>El titular de Suteba, Roberto&nbsp;Baradel, explic\u00f3 tras la reuni\u00f3n que buscan \u201cseguir discutiendo\u201d, al tiempo que confirm\u00f3 que el gobierno provincial se comprometi\u00f3 a una nueva reuni\u00f3n.<\/p>\n\n\n\n<p>El sindicalista apunt\u00f3 a la \u201cfalta la recuperaci\u00f3n en la p\u00e9rdida del poder adquisitivo del a\u00f1o pasado,&nbsp;el aumento fue del 32% y la inflaci\u00f3n del 47,6\u201d<\/p>\n\n\n\n<p>El esquema de aplicaci\u00f3n contemplar\u00eda una actualizaci\u00f3n autom\u00e1tica en forma mensual durante los primeros tres per\u00edodos, luego se har\u00eda trimestralmente.<\/p>\n\n\n\n<p>La oferta se hizo luego del cuarto intermedio generado&nbsp;debido a que representantes de uno de los sindicatos, Udocba, filmaban el encuentro y lo transmit\u00edan por una red social.<\/p>\n\n\n\n<p>A ra\u00edz de esta situaci\u00f3n, el ministro de Econom\u00eda bonaerense, Hern\u00e1n Lacunza, decidi\u00f3 un alto en la reuni\u00f3n.<\/p>\n\n\n\n<p>En un clima de fuerte tensi\u00f3n, los referentes de los cincos sindicatos de docentes de la provincia se hab\u00edan sentado a la mesa de negociaci\u00f3n con Lacunza, el director de Educaci\u00f3n, Gabriel S\u00e1nchez Zinny, y otros funcionarios exhibiendo carteles con los reclamos de los gremios.<\/p>\n\n\n\n<p>\u201cNo hay nada que ocultar, muestren lo que piensa el ministro de Educaci\u00f3n, que ah\u00ed esta\u201d, recrimin\u00f3 en plena paritaria un exaltado Miguel \u00c1ngel D\u00edaz titular de Udocba-, quien pretend\u00eda filmar toda la reuni\u00f3n, lo cual fue rechazo por el gobierno provincial.<\/p>\n\n\n\n<p><strong>Los reclamos presentados en representaci\u00f3n de los Docentes fueron:<\/strong><\/p>\n\n\n\n<p>Escuelas seguras exigimos la conformaci\u00f3n de una Mesa que de tratamiento espec\u00edfico al problema de infraestructura<\/p>\n\n\n\n<p>La eliminaci\u00f3n de los sumarios al personal jer\u00e1rquico y Docentes<\/p>\n\n\n\n<p>Cobertura de todos los cargos<\/p>\n\n\n\n<p>Derogaci\u00f3n de la Resoluci\u00f3n que permite fumigar Escuelas<\/p>\n\n\n\n<p>Efectivizaci\u00f3n de la licencia por violencia contra la mujer<\/p>\n\n\n\n<p>Reincorporaci\u00f3n de los despedidos de los ETC en Formaci\u00f3n Cont\u00ednua<\/p>\n\n\n\n<p>Transparencia en el funcionamiento de PRESTATARIAS<\/p>\n\n\n\n<p>Capacitaci\u00f3n en servicio y gratuita, entre otros temas.<\/p>\n\n\n\n<p>Por \u00faltimo, se entreg\u00f3 una nota exigiendo que el Gobierno certifique la habitabilidad de las Escuelas y ESCUELAS SEGURAS y se reclam\u00f3 por la falta de cargos.<\/p>\n\n\n\n<p>Luego de la presentaci\u00f3n de los reclamos, se pas\u00f3 a un cuarto intermedio.<\/p>\n\n\n\n<p>Se espera que el Gobierno recepcione el reclamo y convoque a la brevedad para cerrar esta Paritaria.<\/p>\n\n\n\n<p><em>\u201cQueremos el 6 de marzo empezar las clases. El Gobierno tiene la responsabilidad de resolver lo planteado\u201d<\/em>, se\u00f1alaron desde el Frente de Unidad Docente Bonaerense.<\/p>\n","protected":false},"excerpt":{"rendered":"<p>El gobierno de Vidal convoc\u00f3 a los gremios y el encuentro hab\u00eda pasado a cuarto intermedio por un esc\u00e1ndalo con un sindicato. El gobierno de la provincia de Buenos Aires les ofreci\u00f3 a los docentes una&nbsp;paritaria 2019 que equipare la inflaci\u00f3n medida por el Indec. Sin embargo, los sindicatos rechazaron la propuesta y convocaron a [&hellip;]<\/p>\n","protected":false},"author":4,"featured_media":47558,"comment_status":"open","ping_status":"closed","sticky":false,"template":"","format":"standard","meta":{"om_disable_all_campaigns":false,"_jetpack_memberships_contains_paid_content":false,"footnotes":""},"categories":[621],"tags":[],"class_list":["post-47557","post","type-post","status-publish","format-standard","has-post-thumbnail","hentry","category-regionales"],"aioseo_notices":[],"gutentor_comment":0,"jetpack_featured_media_url":"https:\/\/eldiariodesanpedro.com.ar\/sitio\/wp-content\/uploads\/2019\/02\/0036108883_658x400.jpg","jetpack_shortlink":"https:\/\/wp.me\/p6RhLt-cn3","jetpack_sharing_enabled":true,"_links":{"self":[{"href":"https:\/\/eldiariodesanpedro.com.ar\/sitio\/wp-json\/wp\/v2\/posts\/47557","targetHints":{"allow":["GET"]}}],"collection":[{"href":"https:\/\/eldiariodesanpedro.com.ar\/sitio\/wp-json\/wp\/v2\/posts"}],"about":[{"href":"https:\/\/eldiariodesanpedro.com.ar\/sitio\/wp-json\/wp\/v2\/types\/post"}],"author":[{"embeddable":true,"href":"https:\/\/eldiariodesanpedro.com.ar\/sitio\/wp-json\/wp\/v2\/users\/4"}],"replies":[{"embeddable":true,"href":"https:\/\/eldiariodesanpedro.com.ar\/sitio\/wp-json\/wp\/v2\/comments?post=47557"}],"version-history":[{"count":1,"href":"https:\/\/eldiariodesanpedro.com.ar\/sitio\/wp-json\/wp\/v2\/posts\/47557\/revisions"}],"predecessor-version":[{"id":47559,"href":"https:\/\/eldiariodesanpedro.com.ar\/sitio\/wp-json\/wp\/v2\/posts\/47557\/revisions\/47559"}],"wp:featuredmedia":[{"embeddable":true,"href":"https:\/\/eldiariodesanpedro.com.ar\/sitio\/wp-json\/wp\/v2\/media\/47558"}],"wp:attachment":[{"href":"https:\/\/eldiariodesanpedro.com.ar\/sitio\/wp-json\/wp\/v2\/media?parent=47557"}],"wp:term":[{"taxonomy":"category","embeddable":true,"href":"https:\/\/eldiariodesanpedro.com.ar\/sitio\/wp-json\/wp\/v2\/categories?post=47557"},{"taxonomy":"post_tag","embeddable":true,"href":"https:\/\/eldiariodesanpedro.com.ar\/sitio\/wp-json\/wp\/v2\/tags?post=47557"}],"curies":[{"name":"wp","href":"https:\/\/api.w.org\/{rel}","templated":true}]}}