{"id":47549,"date":"2019-02-14T11:58:43","date_gmt":"2019-02-14T14:58:43","guid":{"rendered":"https:\/\/eldiariodesanpedro.com.ar\/sitio\/?p=47549"},"modified":"2019-02-14T11:58:58","modified_gmt":"2019-02-14T14:58:58","slug":"zarate-lo-encontraron-con-una-nena-de-12-anos-y-luego-aparecio-apunalado-en-el-torax","status":"publish","type":"post","link":"https:\/\/eldiariodesanpedro.com.ar\/sitio\/zarate-lo-encontraron-con-una-nena-de-12-anos-y-luego-aparecio-apunalado-en-el-torax\/","title":{"rendered":"ZARATE: Lo encontraron con una nena de 12 a\u00f1os y luego apareci\u00f3 apu\u00f1alado en el t\u00f3rax"},"content":{"rendered":"<!-- VideographyWP Plugin Message: Automatic video embedding prevented by plugin options. -->\n\n<p>El hecho ocurri\u00f3 durante las primeras horas del martes, pero reci\u00e9n este jueves tom\u00f3 trascendencia p\u00fablica.<\/p>\n\n\n\n<p>Cerca de las dos de la ma\u00f1ana una nena de 12 a\u00f1os fue vista acompa\u00f1ada con un hombre de 38, en un terreno de Cuyo y Balcarce, en Z\u00e1rate. El sujeto al ver a los familiares de la menor, que se encontraba desaparecida y la andaban buscando, huy\u00f3 del lugar r\u00e1pidamente.<\/p>\n\n\n\n<p>Las novedades llegar\u00edan reci\u00e9n por la ma\u00f1ana cuando desde el Hospital Virgen del Carmen informaron a la polic\u00eda sobre el ingreso de un herido de arma blanca en el t\u00f3rax, trat\u00e1ndose del sospechoso de la madrugada. Los informes m\u00e9dicos mencionan que se encuentra estable.<\/p>\n\n\n\n<p>Indagando sobre lo ocurrido, precis\u00f3 que dos hombres lo corrieron culp\u00e1ndolo de la situaci\u00f3n anteriormente detallada. Por ello, con intervenci\u00f3n de la UFI N\u00b0 7, se inici\u00f3 una investigaci\u00f3n para determinar todos los sucesos ocurridos, desde el inicial hasta la agresi\u00f3n final.<\/p>\n\n\n\n<p>Fuente: Enlace Critico<\/p>\n","protected":false},"excerpt":{"rendered":"<p>El hecho ocurri\u00f3 durante las primeras horas del martes, pero reci\u00e9n este jueves tom\u00f3 trascendencia p\u00fablica. Cerca de las dos de la ma\u00f1ana una nena de 12 a\u00f1os fue vista acompa\u00f1ada con un hombre de 38, en un terreno de Cuyo y Balcarce, en Z\u00e1rate. El sujeto al ver a los familiares de la menor, [&hellip;]<\/p>\n","protected":false},"author":4,"featured_media":47555,"comment_status":"open","ping_status":"closed","sticky":false,"template":"","format":"standard","meta":{"om_disable_all_campaigns":false,"_jetpack_memberships_contains_paid_content":false,"footnotes":""},"categories":[621],"tags":[],"class_list":["post-47549","post","type-post","status-publish","format-standard","has-post-thumbnail","hentry","category-regionales"],"aioseo_notices":[],"gutentor_comment":0,"jetpack_featured_media_url":"https:\/\/eldiariodesanpedro.com.ar\/sitio\/wp-content\/uploads\/2019\/02\/IMG_20171012_152647.jpg","jetpack_shortlink":"https:\/\/wp.me\/p6RhLt-cmV","jetpack_sharing_enabled":true,"_links":{"self":[{"href":"https:\/\/eldiariodesanpedro.com.ar\/sitio\/wp-json\/wp\/v2\/posts\/47549","targetHints":{"allow":["GET"]}}],"collection":[{"href":"https:\/\/eldiariodesanpedro.com.ar\/sitio\/wp-json\/wp\/v2\/posts"}],"about":[{"href":"https:\/\/eldiariodesanpedro.com.ar\/sitio\/wp-json\/wp\/v2\/types\/post"}],"author":[{"embeddable":true,"href":"https:\/\/eldiariodesanpedro.com.ar\/sitio\/wp-json\/wp\/v2\/users\/4"}],"replies":[{"embeddable":true,"href":"https:\/\/eldiariodesanpedro.com.ar\/sitio\/wp-json\/wp\/v2\/comments?post=47549"}],"version-history":[{"count":1,"href":"https:\/\/eldiariodesanpedro.com.ar\/sitio\/wp-json\/wp\/v2\/posts\/47549\/revisions"}],"predecessor-version":[{"id":47556,"href":"https:\/\/eldiariodesanpedro.com.ar\/sitio\/wp-json\/wp\/v2\/posts\/47549\/revisions\/47556"}],"wp:featuredmedia":[{"embeddable":true,"href":"https:\/\/eldiariodesanpedro.com.ar\/sitio\/wp-json\/wp\/v2\/media\/47555"}],"wp:attachment":[{"href":"https:\/\/eldiariodesanpedro.com.ar\/sitio\/wp-json\/wp\/v2\/media?parent=47549"}],"wp:term":[{"taxonomy":"category","embeddable":true,"href":"https:\/\/eldiariodesanpedro.com.ar\/sitio\/wp-json\/wp\/v2\/categories?post=47549"},{"taxonomy":"post_tag","embeddable":true,"href":"https:\/\/eldiariodesanpedro.com.ar\/sitio\/wp-json\/wp\/v2\/tags?post=47549"}],"curies":[{"name":"wp","href":"https:\/\/api.w.org\/{rel}","templated":true}]}}