{"id":47546,"date":"2019-02-14T11:43:33","date_gmt":"2019-02-14T14:43:33","guid":{"rendered":"https:\/\/eldiariodesanpedro.com.ar\/sitio\/?p=47546"},"modified":"2019-02-14T11:43:41","modified_gmt":"2019-02-14T14:43:41","slug":"baradero-se-realizo-un-allanamiento-en-zarate-por-el-robo-millonario-a-un-jubilado","status":"publish","type":"post","link":"https:\/\/eldiariodesanpedro.com.ar\/sitio\/baradero-se-realizo-un-allanamiento-en-zarate-por-el-robo-millonario-a-un-jubilado\/","title":{"rendered":"BARADERO: Se realiz\u00f3 un allanamiento en Z\u00e1rate por el robo millonario a un jubilado"},"content":{"rendered":"<!-- VideographyWP Plugin Message: Automatic video embedding prevented by plugin options. -->\n\n<p>Detuvieron a un zarate\u00f1o de Barrio Cementerio implicado en un importante robo ocurrido en Baradero, en el cu\u00e1l le robaron una gran suma de dinero a un hombre de avanzada edad.<\/p>\n\n\n\n<p>El comisario de la polic\u00eda comunal Baradero, Mario M\u00e9ndez, expres\u00f3 los detalles en FM Tiempo:<br>\n\u201dEsto comenz\u00f3 la semana pasada a ra\u00edz de una informaci\u00f3n. Mandamos gente a verificar ciertos datos en Z\u00e1rate y ayer se gestion\u00f3 un allanamiento donde residir\u00eda una de las personas que se ve en el video. Este hombre no estaba en el domicilio pero estaba su se\u00f1ora y sus dos hijos. En el lugar se secuestr\u00f3 una suma bastante importante de dinero. Tenemos informaci\u00f3n de que habr\u00edan participado entre 3 y 4 personas en ese robo. Nosotros continuamos con la investigaci\u00f3n. Llama la atenci\u00f3n la modalidad de este robo y que supieran d\u00f3nde estaba el dinero. Identificamos dos veh\u00edculos que habr\u00edan utilizado estas personas. Dijeron que viv\u00edan de la venta de plumeros pero yo creo que con ese tipo de venta ser\u00eda imposible tener una vida as\u00ed. La vivienda era muy lujosa. Es posible que el sujeto se haya dado a la fuga por el fondo de la vivienda justo cuando llegamos nosotros porque estaba su billetera con documentaci\u00f3n en el lugar. La casa es en cercan\u00edas del cementerio de Z\u00e1rate.\u201d<\/p>\n\n\n\n<p>Recordemos que d\u00edas atr\u00e1s la familia Erb fue victima de un robo con la modalidad conocida como \u201cel cuento del t\u00edo\u201d. Una persona vestida con ropa de trabajo y diciendo ser empleado municipal ingres\u00f3 a la vivienda y mientras distra\u00eda al propietario, otro se llev\u00f3 de la habitaci\u00f3n una cartera con 20 mil dolares estadounidenses, aproximadamente.<br> La justicia difundi\u00f3 el v\u00eddeo de las c\u00e1maras de seguridad de la vivienda para tratar de dar con los delincuentes.<br> En el marco de esa investigaci\u00f3n, ayer, la polic\u00eda local realiz\u00f3 un allanamiento en un barrio de la vecina ciudad de Z\u00e1rate donde se encontr\u00f3 una importante suma de dinero en pesos que se supone seria fruto del robo realizado en Baradero.<br> El sospechoso buscado se dio a la fuga, supone la justicia, momentos antes de que la polic\u00eda llegue a lugar.<br> Adem\u00e1s del dinero se encontr\u00f3 documentaci\u00f3n personal del delincuente que habr\u00eda participado, por lo menos con otros dos, en el robo a la familia Erb.<\/p>\n\n\n\n<p>Fuente: Tiempo Noticias y Baradero Te Informa <\/p>\n","protected":false},"excerpt":{"rendered":"<p>Detuvieron a un zarate\u00f1o de Barrio Cementerio implicado en un importante robo ocurrido en Baradero, en el cu\u00e1l le robaron una gran suma de dinero a un hombre de avanzada edad. El comisario de la polic\u00eda comunal Baradero, Mario M\u00e9ndez, expres\u00f3 los detalles en FM Tiempo: \u201dEsto comenz\u00f3 la semana pasada a ra\u00edz de una [&hellip;]<\/p>\n","protected":false},"author":4,"featured_media":47547,"comment_status":"open","ping_status":"closed","sticky":false,"template":"","format":"standard","meta":{"om_disable_all_campaigns":false,"_jetpack_memberships_contains_paid_content":false,"footnotes":""},"categories":[621],"tags":[],"class_list":["post-47546","post","type-post","status-publish","format-standard","has-post-thumbnail","hentry","category-regionales"],"aioseo_notices":[],"gutentor_comment":0,"jetpack_featured_media_url":"https:\/\/eldiariodesanpedro.com.ar\/sitio\/wp-content\/uploads\/2019\/02\/WhatsApp-Image-2019-02-01-at-10.07.27-1.jpeg","jetpack_shortlink":"https:\/\/wp.me\/p6RhLt-cmS","jetpack_sharing_enabled":true,"_links":{"self":[{"href":"https:\/\/eldiariodesanpedro.com.ar\/sitio\/wp-json\/wp\/v2\/posts\/47546","targetHints":{"allow":["GET"]}}],"collection":[{"href":"https:\/\/eldiariodesanpedro.com.ar\/sitio\/wp-json\/wp\/v2\/posts"}],"about":[{"href":"https:\/\/eldiariodesanpedro.com.ar\/sitio\/wp-json\/wp\/v2\/types\/post"}],"author":[{"embeddable":true,"href":"https:\/\/eldiariodesanpedro.com.ar\/sitio\/wp-json\/wp\/v2\/users\/4"}],"replies":[{"embeddable":true,"href":"https:\/\/eldiariodesanpedro.com.ar\/sitio\/wp-json\/wp\/v2\/comments?post=47546"}],"version-history":[{"count":1,"href":"https:\/\/eldiariodesanpedro.com.ar\/sitio\/wp-json\/wp\/v2\/posts\/47546\/revisions"}],"predecessor-version":[{"id":47548,"href":"https:\/\/eldiariodesanpedro.com.ar\/sitio\/wp-json\/wp\/v2\/posts\/47546\/revisions\/47548"}],"wp:featuredmedia":[{"embeddable":true,"href":"https:\/\/eldiariodesanpedro.com.ar\/sitio\/wp-json\/wp\/v2\/media\/47547"}],"wp:attachment":[{"href":"https:\/\/eldiariodesanpedro.com.ar\/sitio\/wp-json\/wp\/v2\/media?parent=47546"}],"wp:term":[{"taxonomy":"category","embeddable":true,"href":"https:\/\/eldiariodesanpedro.com.ar\/sitio\/wp-json\/wp\/v2\/categories?post=47546"},{"taxonomy":"post_tag","embeddable":true,"href":"https:\/\/eldiariodesanpedro.com.ar\/sitio\/wp-json\/wp\/v2\/tags?post=47546"}],"curies":[{"name":"wp","href":"https:\/\/api.w.org\/{rel}","templated":true}]}}