{"id":47544,"date":"2019-02-14T12:02:04","date_gmt":"2019-02-14T15:02:04","guid":{"rendered":"https:\/\/eldiariodesanpedro.com.ar\/sitio\/?p=47544"},"modified":"2019-02-14T12:02:20","modified_gmt":"2019-02-14T15:02:20","slug":"siguen-los-reclamos-por-promesas-incumplidas-a-los-trabajadores-del-basural","status":"publish","type":"post","link":"https:\/\/eldiariodesanpedro.com.ar\/sitio\/siguen-los-reclamos-por-promesas-incumplidas-a-los-trabajadores-del-basural\/","title":{"rendered":"Siguen los reclamos por promesas incumplidas a los trabajadores del basural"},"content":{"rendered":"<!-- VideographyWP Plugin Message: Automatic video embedding prevented by plugin options. -->\n\n<p>A ra\u00edz de la hist\u00f3rica problem\u00e1tica que vienen presentando los trabajadores del basural con el apoyo y el acompa\u00f1amiento del MTE (Movimiento de Trabajadores Excluidos) por parte del Gobierno donde siguen los incumplimientos de los acuerdos que se han firmado entre ambos.<\/p>\n\n\n\n<p>Este jueves por la ma\u00f1ana una nueva convocatoria se realizo en las puertas del municipio, la primera de este 2019.<\/p>\n\n\n\n<p> Recordemos que durante el 2018, ademas de presenciar reiteradas convocatorias,  se vivi\u00f3 un triste hecho de violencia frente al Palacio Municipal cuando los trabajadores estaban realizando una protesta con el fin de que se cumpla lo prometido y luego de que la situaci\u00f3n se agravara, al no tener respuestas, se produjo el incendio de gomas por parte de los trabajadores y la respuesta violenta de los efectivos policiales finalizando con seis personas detenidas.<\/p>\n\n\n\n<figure class=\"wp-block-image\"><img decoding=\"async\" width=\"800\" height=\"445\" data-attachment-id=\"47550\" data-permalink=\"https:\/\/eldiariodesanpedro.com.ar\/sitio\/siguen-los-reclamos-por-promesas-incumplidas-a-los-trabajadores-del-basural\/screenshot_20180711-160243-e1531336166582\/\" data-orig-file=\"https:\/\/eldiariodesanpedro.com.ar\/sitio\/wp-content\/uploads\/2019\/02\/Screenshot_20180711-160243-e1531336166582.jpg\" data-orig-size=\"800,445\" data-comments-opened=\"1\" data-image-meta=\"{&quot;aperture&quot;:&quot;0&quot;,&quot;credit&quot;:&quot;&quot;,&quot;camera&quot;:&quot;&quot;,&quot;caption&quot;:&quot;&quot;,&quot;created_timestamp&quot;:&quot;0&quot;,&quot;copyright&quot;:&quot;&quot;,&quot;focal_length&quot;:&quot;0&quot;,&quot;iso&quot;:&quot;0&quot;,&quot;shutter_speed&quot;:&quot;0&quot;,&quot;title&quot;:&quot;&quot;,&quot;orientation&quot;:&quot;0&quot;}\" data-image-title=\"Screenshot_20180711-160243-e1531336166582\" data-image-description=\"\" data-image-caption=\"\" data-large-file=\"https:\/\/eldiariodesanpedro.com.ar\/sitio\/wp-content\/uploads\/2019\/02\/Screenshot_20180711-160243-e1531336166582.jpg\" data-src=\"https:\/\/eldiariodesanpedro.com.ar\/sitio\/wp-content\/uploads\/2019\/02\/Screenshot_20180711-160243-e1531336166582.jpg\" alt=\"\" class=\"wp-image-47550 lazyload\" data-srcset=\"https:\/\/eldiariodesanpedro.com.ar\/sitio\/wp-content\/uploads\/2019\/02\/Screenshot_20180711-160243-e1531336166582.jpg 800w, https:\/\/eldiariodesanpedro.com.ar\/sitio\/wp-content\/uploads\/2019\/02\/Screenshot_20180711-160243-e1531336166582-300x167.jpg 300w, https:\/\/eldiariodesanpedro.com.ar\/sitio\/wp-content\/uploads\/2019\/02\/Screenshot_20180711-160243-e1531336166582-768x427.jpg 768w\" data-sizes=\"(max-width: 800px) 100vw, 800px\" src=\"data:image\/svg+xml;base64,PHN2ZyB3aWR0aD0iMSIgaGVpZ2h0PSIxIiB4bWxucz0iaHR0cDovL3d3dy53My5vcmcvMjAwMC9zdmciPjwvc3ZnPg==\" style=\"--smush-placeholder-width: 800px; --smush-placeholder-aspect-ratio: 800\/445;\" \/><\/figure>\n\n\n\n<p>Esta ma\u00f1ana, nuevamente volvieron a reclamar promesas incumplidas. Se hab\u00eda acordado a fines del a\u00f1o pasado la construcci\u00f3n de dos ba\u00f1os en el basural para los recicladores.<\/p>\n\n\n\n<figure class=\"wp-block-image\"><img decoding=\"async\" width=\"1280\" height=\"622\" data-attachment-id=\"47551\" data-permalink=\"https:\/\/eldiariodesanpedro.com.ar\/sitio\/siguen-los-reclamos-por-promesas-incumplidas-a-los-trabajadores-del-basural\/whatsapp-image-2019-02-14-at-11-52-52\/\" data-orig-file=\"https:\/\/eldiariodesanpedro.com.ar\/sitio\/wp-content\/uploads\/2019\/02\/WhatsApp-Image-2019-02-14-at-11.52.52.jpeg\" data-orig-size=\"1280,622\" data-comments-opened=\"1\" data-image-meta=\"{&quot;aperture&quot;:&quot;0&quot;,&quot;credit&quot;:&quot;&quot;,&quot;camera&quot;:&quot;&quot;,&quot;caption&quot;:&quot;&quot;,&quot;created_timestamp&quot;:&quot;0&quot;,&quot;copyright&quot;:&quot;&quot;,&quot;focal_length&quot;:&quot;0&quot;,&quot;iso&quot;:&quot;0&quot;,&quot;shutter_speed&quot;:&quot;0&quot;,&quot;title&quot;:&quot;&quot;,&quot;orientation&quot;:&quot;0&quot;}\" data-image-title=\"WhatsApp Image 2019-02-14 at 11.52.52\" data-image-description=\"\" data-image-caption=\"\" data-large-file=\"https:\/\/eldiariodesanpedro.com.ar\/sitio\/wp-content\/uploads\/2019\/02\/WhatsApp-Image-2019-02-14-at-11.52.52-1024x498.jpeg\" data-src=\"https:\/\/i1.wp.com\/eldiariodesanpedro.com.ar\/sitio\/wp-content\/uploads\/2019\/02\/WhatsApp-Image-2019-02-14-at-11.52.52.jpeg?fit=660%2C321\" alt=\"\" class=\"wp-image-47551 lazyload\" data-srcset=\"https:\/\/eldiariodesanpedro.com.ar\/sitio\/wp-content\/uploads\/2019\/02\/WhatsApp-Image-2019-02-14-at-11.52.52.jpeg 1280w, https:\/\/eldiariodesanpedro.com.ar\/sitio\/wp-content\/uploads\/2019\/02\/WhatsApp-Image-2019-02-14-at-11.52.52-300x146.jpeg 300w, https:\/\/eldiariodesanpedro.com.ar\/sitio\/wp-content\/uploads\/2019\/02\/WhatsApp-Image-2019-02-14-at-11.52.52-768x373.jpeg 768w, https:\/\/eldiariodesanpedro.com.ar\/sitio\/wp-content\/uploads\/2019\/02\/WhatsApp-Image-2019-02-14-at-11.52.52-1024x498.jpeg 1024w\" data-sizes=\"(max-width: 1280px) 100vw, 1280px\" src=\"data:image\/svg+xml;base64,PHN2ZyB3aWR0aD0iMSIgaGVpZ2h0PSIxIiB4bWxucz0iaHR0cDovL3d3dy53My5vcmcvMjAwMC9zdmciPjwvc3ZnPg==\" style=\"--smush-placeholder-width: 1280px; --smush-placeholder-aspect-ratio: 1280\/622;\" \/><\/figure>\n\n\n\n<p>Dialogamos con Gerardo referente del MTE quien nos contaba que \u00abesta convocatoria se origina a ra\u00edz de otro nuevo incumplimiento por parte del gobierno de Cecilio Salazar, lamentablemente  hab\u00edamos llegado a un acuerdo en el mes de noviembre donde  quedaron en construir dos ba\u00f1os en el basural, eso se iba a realizar en el mes de enero y no hubo respuestas\u00bb<\/p>\n\n\n\n<p>\u00abHoy estamos en otra etapa, en realidad est\u00e1bamos en un dialogo, pero sin cumplir, decidimos as\u00ed canalizar esa bronca con la gente en una convocatoria pacifica para que la gente de san pedro este al tanto con lo que esta pasando con los recicladores\u00bb, <\/p>\n\n\n\n<p>\u00abFuimos atendidos por el Secretario de Gobierno, Silvio Corti quien nos comunico que ma\u00f1ana realizaremos otra reuni\u00f3n para  por fin acordar una nueva fecha para realizar la construcci\u00f3n de los ba\u00f1os, esperemos que esta vez se cumpla y sino volveremos otra vez a visibilizar nuestros reclamos\u00bb, <br>culminaba la nota. <\/p>\n\n\n\n<ul class=\"wp-block-gallery columns-2 is-cropped wp-block-gallery-1 is-layout-flex wp-block-gallery-is-layout-flex\"><li class=\"blocks-gallery-item\"><figure><img decoding=\"async\" width=\"1280\" height=\"622\" data-attachment-id=\"47552\" data-permalink=\"https:\/\/eldiariodesanpedro.com.ar\/sitio\/siguen-los-reclamos-por-promesas-incumplidas-a-los-trabajadores-del-basural\/whatsapp-image-2019-02-14-at-11-52-52-1\/\" data-orig-file=\"https:\/\/eldiariodesanpedro.com.ar\/sitio\/wp-content\/uploads\/2019\/02\/WhatsApp-Image-2019-02-14-at-11.52.52-1.jpeg\" data-orig-size=\"1280,622\" data-comments-opened=\"1\" data-image-meta=\"{&quot;aperture&quot;:&quot;0&quot;,&quot;credit&quot;:&quot;&quot;,&quot;camera&quot;:&quot;&quot;,&quot;caption&quot;:&quot;&quot;,&quot;created_timestamp&quot;:&quot;0&quot;,&quot;copyright&quot;:&quot;&quot;,&quot;focal_length&quot;:&quot;0&quot;,&quot;iso&quot;:&quot;0&quot;,&quot;shutter_speed&quot;:&quot;0&quot;,&quot;title&quot;:&quot;&quot;,&quot;orientation&quot;:&quot;0&quot;}\" data-image-title=\"WhatsApp Image 2019-02-14 at 11.52.52 (1)\" data-image-description=\"\" data-image-caption=\"\" data-large-file=\"https:\/\/eldiariodesanpedro.com.ar\/sitio\/wp-content\/uploads\/2019\/02\/WhatsApp-Image-2019-02-14-at-11.52.52-1-1024x498.jpeg\" data-src=\"https:\/\/i1.wp.com\/eldiariodesanpedro.com.ar\/sitio\/wp-content\/uploads\/2019\/02\/WhatsApp-Image-2019-02-14-at-11.52.52-1.jpeg?fit=660%2C321\" alt=\"\" data-id=\"47552\" data-link=\"https:\/\/eldiariodesanpedro.com.ar\/sitio\/?attachment_id=47552\" class=\"wp-image-47552 lazyload\" data-srcset=\"https:\/\/eldiariodesanpedro.com.ar\/sitio\/wp-content\/uploads\/2019\/02\/WhatsApp-Image-2019-02-14-at-11.52.52-1.jpeg 1280w, https:\/\/eldiariodesanpedro.com.ar\/sitio\/wp-content\/uploads\/2019\/02\/WhatsApp-Image-2019-02-14-at-11.52.52-1-300x146.jpeg 300w, https:\/\/eldiariodesanpedro.com.ar\/sitio\/wp-content\/uploads\/2019\/02\/WhatsApp-Image-2019-02-14-at-11.52.52-1-768x373.jpeg 768w, https:\/\/eldiariodesanpedro.com.ar\/sitio\/wp-content\/uploads\/2019\/02\/WhatsApp-Image-2019-02-14-at-11.52.52-1-1024x498.jpeg 1024w\" data-sizes=\"(max-width: 1280px) 100vw, 1280px\" src=\"data:image\/svg+xml;base64,PHN2ZyB3aWR0aD0iMSIgaGVpZ2h0PSIxIiB4bWxucz0iaHR0cDovL3d3dy53My5vcmcvMjAwMC9zdmciPjwvc3ZnPg==\" style=\"--smush-placeholder-width: 1280px; --smush-placeholder-aspect-ratio: 1280\/622;\" \/><\/figure><\/li><li class=\"blocks-gallery-item\"><figure><img decoding=\"async\" width=\"1280\" height=\"622\" data-attachment-id=\"47553\" data-permalink=\"https:\/\/eldiariodesanpedro.com.ar\/sitio\/siguen-los-reclamos-por-promesas-incumplidas-a-los-trabajadores-del-basural\/whatsapp-image-2019-02-14-at-11-52-52-3\/\" data-orig-file=\"https:\/\/eldiariodesanpedro.com.ar\/sitio\/wp-content\/uploads\/2019\/02\/WhatsApp-Image-2019-02-14-at-11.52.52-3.jpeg\" data-orig-size=\"1280,622\" data-comments-opened=\"1\" data-image-meta=\"{&quot;aperture&quot;:&quot;0&quot;,&quot;credit&quot;:&quot;&quot;,&quot;camera&quot;:&quot;&quot;,&quot;caption&quot;:&quot;&quot;,&quot;created_timestamp&quot;:&quot;0&quot;,&quot;copyright&quot;:&quot;&quot;,&quot;focal_length&quot;:&quot;0&quot;,&quot;iso&quot;:&quot;0&quot;,&quot;shutter_speed&quot;:&quot;0&quot;,&quot;title&quot;:&quot;&quot;,&quot;orientation&quot;:&quot;0&quot;}\" data-image-title=\"WhatsApp Image 2019-02-14 at 11.52.52 (3)\" data-image-description=\"\" data-image-caption=\"\" data-large-file=\"https:\/\/eldiariodesanpedro.com.ar\/sitio\/wp-content\/uploads\/2019\/02\/WhatsApp-Image-2019-02-14-at-11.52.52-3-1024x498.jpeg\" data-src=\"https:\/\/i1.wp.com\/eldiariodesanpedro.com.ar\/sitio\/wp-content\/uploads\/2019\/02\/WhatsApp-Image-2019-02-14-at-11.52.52-3.jpeg?fit=660%2C321\" alt=\"\" data-id=\"47553\" data-link=\"https:\/\/eldiariodesanpedro.com.ar\/sitio\/?attachment_id=47553\" class=\"wp-image-47553 lazyload\" data-srcset=\"https:\/\/eldiariodesanpedro.com.ar\/sitio\/wp-content\/uploads\/2019\/02\/WhatsApp-Image-2019-02-14-at-11.52.52-3.jpeg 1280w, https:\/\/eldiariodesanpedro.com.ar\/sitio\/wp-content\/uploads\/2019\/02\/WhatsApp-Image-2019-02-14-at-11.52.52-3-300x146.jpeg 300w, https:\/\/eldiariodesanpedro.com.ar\/sitio\/wp-content\/uploads\/2019\/02\/WhatsApp-Image-2019-02-14-at-11.52.52-3-768x373.jpeg 768w, https:\/\/eldiariodesanpedro.com.ar\/sitio\/wp-content\/uploads\/2019\/02\/WhatsApp-Image-2019-02-14-at-11.52.52-3-1024x498.jpeg 1024w\" data-sizes=\"(max-width: 1280px) 100vw, 1280px\" src=\"data:image\/svg+xml;base64,PHN2ZyB3aWR0aD0iMSIgaGVpZ2h0PSIxIiB4bWxucz0iaHR0cDovL3d3dy53My5vcmcvMjAwMC9zdmciPjwvc3ZnPg==\" style=\"--smush-placeholder-width: 1280px; --smush-placeholder-aspect-ratio: 1280\/622;\" \/><\/figure><\/li><li class=\"blocks-gallery-item\"><figure><img decoding=\"async\" width=\"1280\" height=\"622\" data-attachment-id=\"47554\" data-permalink=\"https:\/\/eldiariodesanpedro.com.ar\/sitio\/siguen-los-reclamos-por-promesas-incumplidas-a-los-trabajadores-del-basural\/whatsapp-image-2019-02-14-at-11-52-52-2\/\" data-orig-file=\"https:\/\/eldiariodesanpedro.com.ar\/sitio\/wp-content\/uploads\/2019\/02\/WhatsApp-Image-2019-02-14-at-11.52.52-2.jpeg\" data-orig-size=\"1280,622\" data-comments-opened=\"1\" data-image-meta=\"{&quot;aperture&quot;:&quot;0&quot;,&quot;credit&quot;:&quot;&quot;,&quot;camera&quot;:&quot;&quot;,&quot;caption&quot;:&quot;&quot;,&quot;created_timestamp&quot;:&quot;0&quot;,&quot;copyright&quot;:&quot;&quot;,&quot;focal_length&quot;:&quot;0&quot;,&quot;iso&quot;:&quot;0&quot;,&quot;shutter_speed&quot;:&quot;0&quot;,&quot;title&quot;:&quot;&quot;,&quot;orientation&quot;:&quot;0&quot;}\" data-image-title=\"WhatsApp Image 2019-02-14 at 11.52.52\" data-image-description=\"\" data-image-caption=\"\" data-large-file=\"https:\/\/eldiariodesanpedro.com.ar\/sitio\/wp-content\/uploads\/2019\/02\/WhatsApp-Image-2019-02-14-at-11.52.52-2-1024x498.jpeg\" data-src=\"https:\/\/i0.wp.com\/eldiariodesanpedro.com.ar\/sitio\/wp-content\/uploads\/2019\/02\/WhatsApp-Image-2019-02-14-at-11.52.52-2.jpeg?fit=660%2C321\" alt=\"\" data-id=\"47554\" data-link=\"https:\/\/eldiariodesanpedro.com.ar\/sitio\/?attachment_id=47554\" class=\"wp-image-47554 lazyload\" data-srcset=\"https:\/\/eldiariodesanpedro.com.ar\/sitio\/wp-content\/uploads\/2019\/02\/WhatsApp-Image-2019-02-14-at-11.52.52-2.jpeg 1280w, https:\/\/eldiariodesanpedro.com.ar\/sitio\/wp-content\/uploads\/2019\/02\/WhatsApp-Image-2019-02-14-at-11.52.52-2-300x146.jpeg 300w, https:\/\/eldiariodesanpedro.com.ar\/sitio\/wp-content\/uploads\/2019\/02\/WhatsApp-Image-2019-02-14-at-11.52.52-2-768x373.jpeg 768w, https:\/\/eldiariodesanpedro.com.ar\/sitio\/wp-content\/uploads\/2019\/02\/WhatsApp-Image-2019-02-14-at-11.52.52-2-1024x498.jpeg 1024w\" data-sizes=\"(max-width: 1280px) 100vw, 1280px\" src=\"data:image\/svg+xml;base64,PHN2ZyB3aWR0aD0iMSIgaGVpZ2h0PSIxIiB4bWxucz0iaHR0cDovL3d3dy53My5vcmcvMjAwMC9zdmciPjwvc3ZnPg==\" style=\"--smush-placeholder-width: 1280px; --smush-placeholder-aspect-ratio: 1280\/622;\" \/><\/figure><\/li><\/ul>\n","protected":false},"excerpt":{"rendered":"<p>A ra\u00edz de la hist\u00f3rica problem\u00e1tica que vienen presentando los trabajadores del basural con el apoyo y el acompa\u00f1amiento del MTE (Movimiento de Trabajadores Excluidos) por parte del Gobierno donde siguen los incumplimientos de los acuerdos que se han firmado entre ambos. Este jueves por la ma\u00f1ana una nueva convocatoria se realizo en las puertas [&hellip;]<\/p>\n","protected":false},"author":4,"featured_media":47551,"comment_status":"open","ping_status":"closed","sticky":false,"template":"","format":"standard","meta":{"om_disable_all_campaigns":false,"_jetpack_memberships_contains_paid_content":false,"footnotes":""},"categories":[50,101,2],"tags":[],"class_list":["post-47544","post","type-post","status-publish","format-standard","has-post-thumbnail","hentry","category-destacadas","category-interes-general-locales","category-locales"],"aioseo_notices":[],"gutentor_comment":0,"jetpack_featured_media_url":"https:\/\/eldiariodesanpedro.com.ar\/sitio\/wp-content\/uploads\/2019\/02\/WhatsApp-Image-2019-02-14-at-11.52.52.jpeg","jetpack_shortlink":"https:\/\/wp.me\/p6RhLt-cmQ","jetpack_sharing_enabled":true,"_links":{"self":[{"href":"https:\/\/eldiariodesanpedro.com.ar\/sitio\/wp-json\/wp\/v2\/posts\/47544","targetHints":{"allow":["GET"]}}],"collection":[{"href":"https:\/\/eldiariodesanpedro.com.ar\/sitio\/wp-json\/wp\/v2\/posts"}],"about":[{"href":"https:\/\/eldiariodesanpedro.com.ar\/sitio\/wp-json\/wp\/v2\/types\/post"}],"author":[{"embeddable":true,"href":"https:\/\/eldiariodesanpedro.com.ar\/sitio\/wp-json\/wp\/v2\/users\/4"}],"replies":[{"embeddable":true,"href":"https:\/\/eldiariodesanpedro.com.ar\/sitio\/wp-json\/wp\/v2\/comments?post=47544"}],"version-history":[{"count":1,"href":"https:\/\/eldiariodesanpedro.com.ar\/sitio\/wp-json\/wp\/v2\/posts\/47544\/revisions"}],"predecessor-version":[{"id":47560,"href":"https:\/\/eldiariodesanpedro.com.ar\/sitio\/wp-json\/wp\/v2\/posts\/47544\/revisions\/47560"}],"wp:featuredmedia":[{"embeddable":true,"href":"https:\/\/eldiariodesanpedro.com.ar\/sitio\/wp-json\/wp\/v2\/media\/47551"}],"wp:attachment":[{"href":"https:\/\/eldiariodesanpedro.com.ar\/sitio\/wp-json\/wp\/v2\/media?parent=47544"}],"wp:term":[{"taxonomy":"category","embeddable":true,"href":"https:\/\/eldiariodesanpedro.com.ar\/sitio\/wp-json\/wp\/v2\/categories?post=47544"},{"taxonomy":"post_tag","embeddable":true,"href":"https:\/\/eldiariodesanpedro.com.ar\/sitio\/wp-json\/wp\/v2\/tags?post=47544"}],"curies":[{"name":"wp","href":"https:\/\/api.w.org\/{rel}","templated":true}]}}