{"id":47539,"date":"2019-02-14T11:36:38","date_gmt":"2019-02-14T14:36:38","guid":{"rendered":"https:\/\/eldiariodesanpedro.com.ar\/sitio\/?p=47539"},"modified":"2019-02-14T11:36:48","modified_gmt":"2019-02-14T14:36:48","slug":"salto-detuvieron-a-la-joven-pareja-acusada-de-enterrar-el-cuerpo-de-solange-ortiz","status":"publish","type":"post","link":"https:\/\/eldiariodesanpedro.com.ar\/sitio\/salto-detuvieron-a-la-joven-pareja-acusada-de-enterrar-el-cuerpo-de-solange-ortiz\/","title":{"rendered":"SALTO: Detuvieron a la joven pareja acusada de enterrar el cuerpo de Solange Ortiz"},"content":{"rendered":"<!-- VideographyWP Plugin Message: Automatic video embedding prevented by plugin options. -->\n\n<p>Luego de la denuncia por \u201cAveriguaci\u00f3n de paradero\u201d formalizada en Salto por Sonia Pereyra, madre de Solange Ort\u00edz (Luli), de 26 a\u00f1os, quien asegur\u00f3 haber recibido informaci\u00f3n acerca de su presencia en una casa ubicada en calle Col\u00f3n 61 de la vecina ciudad, efectivos policiales arriban al lugar indicado y comienzan a realizar una inspecci\u00f3n en el inmueble, divisando tierra removida, debajo de la cual hallan restos humanos en descomposici\u00f3n, observando adem\u00e1s que sobresal\u00eda un brazo. <\/p>\n\n\n\n<p>Inmediatamente, y ante la urgencia, se preserva el lugar, aguardando el arribo de los peritos de Polic\u00eda Cient\u00edfica de Mercedes y Ayudant\u00eda Fiscal local.<\/p>\n\n\n\n<p>Seg\u00fan fuentes judiciales, el due\u00f1o de la casa resulta ser Andr\u00e9s Retamal, de 25 a\u00f1os, quien en la actualidad se encontraba cumpliendo prisi\u00f3n domiciliaria. Luego del crimen de la joven, se profug\u00f3.<\/p>\n\n\n\n<p>Del an\u00e1lisis del celular aportado por la madre de Luli, perteneciente a la v\u00edctima, se logr\u00f3 establecer la presencia de una testigo, quien fue trasladada a la Comisar\u00eda local para prestar declaraci\u00f3n por tener contacto con la v\u00edctima y con Retamal, siendo identificada como Antonela Celli, de 20 a\u00f1os.<\/p>\n\n\n\n<p>Ante el desarrollo de los hechos, Celli se quiebra en llanto y expone que se contactaron por Messenger con el objetivo de realizar un tr\u00edo sexual, el cual fue consumado el jueves 7 de febrero por la tarde. Luego comenzaron a consumir drogas, hecho que provoc\u00f3 que Ortiz se descompensara, produci\u00e9ndose su muerte. Ante este hecho, de acuerdo a lo relatado por Celli, junto con Andr\u00e9s Retamal, que adem\u00e1s resulta ser su pareja, toman la decisi\u00f3n de enterrarla en el patio de la vivienda.<\/p>\n\n\n\n<p>Tras la confesi\u00f3n, el Ayudante Fiscal dispuso la inmediata aprehensi\u00f3n de Antonela Celli.<\/p>\n\n\n\n<p>RETAMAR DETENIDO<br> Esta ma\u00f1ana, adem\u00e1s, se logr\u00f3 la detenci\u00f3n de Andr\u00e9s Retamar, a quien se lo encontr\u00f3 en un hotel de Luj\u00e1n. El presunto autor del hecho era trasladado a Mercedes.<\/p>\n\n\n\n<p>Fuente: Arrecifes Noticias<\/p>\n","protected":false},"excerpt":{"rendered":"<p>Luego de la denuncia por \u201cAveriguaci\u00f3n de paradero\u201d formalizada en Salto por Sonia Pereyra, madre de Solange Ort\u00edz (Luli), de 26 a\u00f1os, quien asegur\u00f3 haber recibido informaci\u00f3n acerca de su presencia en una casa ubicada en calle Col\u00f3n 61 de la vecina ciudad, efectivos policiales arriban al lugar indicado y comienzan a realizar una inspecci\u00f3n [&hellip;]<\/p>\n","protected":false},"author":4,"featured_media":47540,"comment_status":"open","ping_status":"closed","sticky":false,"template":"","format":"standard","meta":{"om_disable_all_campaigns":false,"_jetpack_memberships_contains_paid_content":false,"footnotes":""},"categories":[621],"tags":[],"class_list":["post-47539","post","type-post","status-publish","format-standard","has-post-thumbnail","hentry","category-regionales"],"aioseo_notices":[],"gutentor_comment":0,"jetpack_featured_media_url":"https:\/\/eldiariodesanpedro.com.ar\/sitio\/wp-content\/uploads\/2019\/02\/PAGINA-7.jpg","jetpack_shortlink":"https:\/\/wp.me\/p6RhLt-cmL","jetpack_sharing_enabled":true,"_links":{"self":[{"href":"https:\/\/eldiariodesanpedro.com.ar\/sitio\/wp-json\/wp\/v2\/posts\/47539","targetHints":{"allow":["GET"]}}],"collection":[{"href":"https:\/\/eldiariodesanpedro.com.ar\/sitio\/wp-json\/wp\/v2\/posts"}],"about":[{"href":"https:\/\/eldiariodesanpedro.com.ar\/sitio\/wp-json\/wp\/v2\/types\/post"}],"author":[{"embeddable":true,"href":"https:\/\/eldiariodesanpedro.com.ar\/sitio\/wp-json\/wp\/v2\/users\/4"}],"replies":[{"embeddable":true,"href":"https:\/\/eldiariodesanpedro.com.ar\/sitio\/wp-json\/wp\/v2\/comments?post=47539"}],"version-history":[{"count":1,"href":"https:\/\/eldiariodesanpedro.com.ar\/sitio\/wp-json\/wp\/v2\/posts\/47539\/revisions"}],"predecessor-version":[{"id":47542,"href":"https:\/\/eldiariodesanpedro.com.ar\/sitio\/wp-json\/wp\/v2\/posts\/47539\/revisions\/47542"}],"wp:featuredmedia":[{"embeddable":true,"href":"https:\/\/eldiariodesanpedro.com.ar\/sitio\/wp-json\/wp\/v2\/media\/47540"}],"wp:attachment":[{"href":"https:\/\/eldiariodesanpedro.com.ar\/sitio\/wp-json\/wp\/v2\/media?parent=47539"}],"wp:term":[{"taxonomy":"category","embeddable":true,"href":"https:\/\/eldiariodesanpedro.com.ar\/sitio\/wp-json\/wp\/v2\/categories?post=47539"},{"taxonomy":"post_tag","embeddable":true,"href":"https:\/\/eldiariodesanpedro.com.ar\/sitio\/wp-json\/wp\/v2\/tags?post=47539"}],"curies":[{"name":"wp","href":"https:\/\/api.w.org\/{rel}","templated":true}]}}