{"id":47536,"date":"2019-02-14T11:34:50","date_gmt":"2019-02-14T14:34:50","guid":{"rendered":"https:\/\/eldiariodesanpedro.com.ar\/sitio\/?p=47536"},"modified":"2019-02-14T11:35:01","modified_gmt":"2019-02-14T14:35:01","slug":"arrecifes-gracias-al-festival-solidario-carolina-podra-operarse","status":"publish","type":"post","link":"https:\/\/eldiariodesanpedro.com.ar\/sitio\/arrecifes-gracias-al-festival-solidario-carolina-podra-operarse\/","title":{"rendered":"ARRECIFES: Gracias al Festival Solidario, Carolina podr\u00e1 operarse"},"content":{"rendered":"<!-- VideographyWP Plugin Message: Automatic video embedding prevented by plugin options. -->\n\n<p>Carolina Romanini, quien sufri\u00f3 la tragedia que todos los arrecife\u00f1os conocemos en un accidente de tr\u00e1nsito, necesitaba de $ 200.000 que le cobran para una importante operaci\u00f3n a la que debe someterse.<\/p>\n\n\n\n<p> En el Festival Solidario concretado el pasado viernes a beneficio de ella y su familia, se recaudaron $ 160.818. Y habiendo pagado todos los gastos del mismo, este martes se le hizo entrega a Caro y a Christian de $ 144.500.<\/p>\n\n\n\n<p> Patricia Franceschini, una de las impulsoras de esta gran movida solidaria, fue una de las personas que se acerc\u00f3 a entregarle el dinero. \u201cGracias a la enorme solidaridad de la gente que concurri\u00f3, de los artistas del grupo que integra Caro y de todos y cada uno de los que trabajaron en el festival, se logr\u00f3 juntar el dinero para su operaci\u00f3n. A la recaudaci\u00f3n se sumaron las alcanc\u00edas y otras colaboraciones que permitieron reunirlo\u201d, dijo en la ma\u00f1ana de Radio Uno (107.1).<\/p>\n\n\n\n<p> \u201cPor supuesto que ellos est\u00e1n infinitamente agradecidos a toda la comunidad, y emocionados. Dijeron que la noche del festival es la primera en que se pudieron dormir con una sonrisa, luego de la tragedia que sufrieron. Y aseguraron que de una forma u otra le van a devolver al pueblo de Arrecifes tama\u00f1o gesto\u201d, a\u00f1adi\u00f3 Patricia.<\/p>\n\n\n\n<p> Lamentablemente, en este pa\u00eds, el que no tiene plata no tiene acceso a la salud. Pero gracias a Dios, Arrecifes responde solidariamente de una manera incre\u00edble ante casos como \u00e9stos.<\/p>\n\n\n\n<p> Fuente: Arrecifes Noticias<\/p>\n","protected":false},"excerpt":{"rendered":"<p>Carolina Romanini, quien sufri\u00f3 la tragedia que todos los arrecife\u00f1os conocemos en un accidente de tr\u00e1nsito, necesitaba de $ 200.000 que le cobran para una importante operaci\u00f3n a la que debe someterse. En el Festival Solidario concretado el pasado viernes a beneficio de ella y su familia, se recaudaron $ 160.818. Y habiendo pagado todos [&hellip;]<\/p>\n","protected":false},"author":4,"featured_media":47537,"comment_status":"open","ping_status":"closed","sticky":false,"template":"","format":"standard","meta":{"om_disable_all_campaigns":false,"_jetpack_memberships_contains_paid_content":false,"footnotes":""},"categories":[621],"tags":[],"class_list":["post-47536","post","type-post","status-publish","format-standard","has-post-thumbnail","hentry","category-regionales"],"aioseo_notices":[],"gutentor_comment":0,"jetpack_featured_media_url":"https:\/\/eldiariodesanpedro.com.ar\/sitio\/wp-content\/uploads\/2019\/02\/Feestival-Solidario-2.jpeg","jetpack_shortlink":"https:\/\/wp.me\/p6RhLt-cmI","jetpack_sharing_enabled":true,"_links":{"self":[{"href":"https:\/\/eldiariodesanpedro.com.ar\/sitio\/wp-json\/wp\/v2\/posts\/47536","targetHints":{"allow":["GET"]}}],"collection":[{"href":"https:\/\/eldiariodesanpedro.com.ar\/sitio\/wp-json\/wp\/v2\/posts"}],"about":[{"href":"https:\/\/eldiariodesanpedro.com.ar\/sitio\/wp-json\/wp\/v2\/types\/post"}],"author":[{"embeddable":true,"href":"https:\/\/eldiariodesanpedro.com.ar\/sitio\/wp-json\/wp\/v2\/users\/4"}],"replies":[{"embeddable":true,"href":"https:\/\/eldiariodesanpedro.com.ar\/sitio\/wp-json\/wp\/v2\/comments?post=47536"}],"version-history":[{"count":1,"href":"https:\/\/eldiariodesanpedro.com.ar\/sitio\/wp-json\/wp\/v2\/posts\/47536\/revisions"}],"predecessor-version":[{"id":47538,"href":"https:\/\/eldiariodesanpedro.com.ar\/sitio\/wp-json\/wp\/v2\/posts\/47536\/revisions\/47538"}],"wp:featuredmedia":[{"embeddable":true,"href":"https:\/\/eldiariodesanpedro.com.ar\/sitio\/wp-json\/wp\/v2\/media\/47537"}],"wp:attachment":[{"href":"https:\/\/eldiariodesanpedro.com.ar\/sitio\/wp-json\/wp\/v2\/media?parent=47536"}],"wp:term":[{"taxonomy":"category","embeddable":true,"href":"https:\/\/eldiariodesanpedro.com.ar\/sitio\/wp-json\/wp\/v2\/categories?post=47536"},{"taxonomy":"post_tag","embeddable":true,"href":"https:\/\/eldiariodesanpedro.com.ar\/sitio\/wp-json\/wp\/v2\/tags?post=47536"}],"curies":[{"name":"wp","href":"https:\/\/api.w.org\/{rel}","templated":true}]}}