{"id":47533,"date":"2019-02-14T11:36:25","date_gmt":"2019-02-14T14:36:25","guid":{"rendered":"https:\/\/eldiariodesanpedro.com.ar\/sitio\/?p=47533"},"modified":"2019-02-14T11:37:11","modified_gmt":"2019-02-14T14:37:11","slug":"convocatoria-de-escuelas-abiertas-de-verano-para-primaria-y-secundaria-2019","status":"publish","type":"post","link":"https:\/\/eldiariodesanpedro.com.ar\/sitio\/convocatoria-de-escuelas-abiertas-de-verano-para-primaria-y-secundaria-2019\/","title":{"rendered":"Convocatoria a Escuelas Abiertas de verano para primaria y secundaria 2019"},"content":{"rendered":"<!-- VideographyWP Plugin Message: Automatic video embedding prevented by plugin options. -->\n\n<p> Escuela Abierta es un espacio de encuentro entre chicos, familia y comunidad en la escuela para contribuir con el desarrollo del aprendizaje y cultivar valores ciudadanos a trav\u00e9s de actividades art\u00edsticas, culturales, deportivas y recreativas. <\/p>\n\n\n\n<p>Las instituciones educativas de los niveles Primario y Secundario pueden participar de la Convocatoria 2019 a Escuelas Abiertas, tambi\u00e9n&nbsp;denominados Centros de Actividades Infantiles y Centros de Actividades Juveniles. Cada instituci\u00f3n educativa podr\u00e1 definir nuevamente su proyecto socioeducativo con motivo de favorecer la retenci\u00f3n escolar, fortalecer las trayectorias educativas y estrechar el v\u00ednculo de los alumnos.<\/p>\n\n\n\n<p>Las escuelas, cuyos proyectos ser\u00e1n abiertas a la comunidad,&nbsp;tienen&nbsp;la posibilidad de presentarse a la convocatoria y formular su proyecto de acuerdo al contexto en el que est\u00e1 inmersa, elegir el d\u00eda en el que se desarrollar\u00e1n las actividades y seleccionar los miembros que formar\u00e1n parte de los equipos de trabajo.<\/p>\n\n\n\n<p>Por la ma\u00f1ana de hoy, dialogamos en una entrevista desde nuestro medio con el  Coordinador Regional de Pol\u00edticas Socioeducativa, Alan Ocampo quien nos contaba como se va a realizar en nuestra ciudad \u00abestamos realizando una convocatoria de estos nuevos programas de socioeducativas  que son las escuelas abiertas,  lo que hasta el a\u00f1o pasado  se denominaban CAI y  CAG, estamos convocando a los directores de distintas instituciones a que armen  un proyecto, un equipo de trabajo y lo presenten para ser evaluados en la provincia,  de esta manera poder generar un espacio alternativo en tiempo dentro de la instituci\u00f3n a modo de  darle la posibilidad  o mas herramientas aquellos chicos que est\u00e1n en un contexto de vulnerabilidad socio educativa\u00bb<\/p>\n\n\n\n<p>\u00abLa inscripci\u00f3n que realizan los directivos es hasta el 1 de marzo, comienzan a funcionar en el mes de abril hasta diciembre, aqu\u00ed en San Pedro la referente es Natalia Claverini, quien trabaja en las escuelas y esta en la Jefatura Distrital acompa\u00f1ando a los directivos\u00bb, finalizo.<\/p>\n\n\n\n<p><em>La duraci\u00f3n del plan de trabajo ser\u00e1 de nueve meses y contar\u00e1 con un financiamiento de hasta $ 300.000.<\/em><\/p>\n\n\n\n<p>La Direcci\u00f3n General de Escuela Abierta apunta a generar diversos espacios de articulaci\u00f3n entre los m\u00faltiples actores que conforman la comunidad educativa.<\/p>\n\n\n\n<p><\/p>\n\n\n\n<figure class=\"wp-block-image\"><img decoding=\"async\" width=\"1024\" height=\"1024\" data-attachment-id=\"47535\" data-permalink=\"https:\/\/eldiariodesanpedro.com.ar\/sitio\/convocatoria-de-escuelas-abiertas-de-verano-para-primaria-y-secundaria-2019\/cebe4036-21ae-4b47-b310-c7acf2fcad78\/\" data-orig-file=\"https:\/\/eldiariodesanpedro.com.ar\/sitio\/wp-content\/uploads\/2019\/02\/cebe4036-21ae-4b47-b310-c7acf2fcad78.jpg\" data-orig-size=\"1080,1080\" data-comments-opened=\"1\" data-image-meta=\"{&quot;aperture&quot;:&quot;0&quot;,&quot;credit&quot;:&quot;&quot;,&quot;camera&quot;:&quot;&quot;,&quot;caption&quot;:&quot;&quot;,&quot;created_timestamp&quot;:&quot;0&quot;,&quot;copyright&quot;:&quot;&quot;,&quot;focal_length&quot;:&quot;0&quot;,&quot;iso&quot;:&quot;0&quot;,&quot;shutter_speed&quot;:&quot;0&quot;,&quot;title&quot;:&quot;&quot;,&quot;orientation&quot;:&quot;0&quot;}\" data-image-title=\"cebe4036-21ae-4b47-b310-c7acf2fcad78\" data-image-description=\"\" data-image-caption=\"\" data-large-file=\"https:\/\/eldiariodesanpedro.com.ar\/sitio\/wp-content\/uploads\/2019\/02\/cebe4036-21ae-4b47-b310-c7acf2fcad78-1024x1024.jpg\" data-src=\"https:\/\/eldiariodesanpedro.com.ar\/sitio\/wp-content\/uploads\/2019\/02\/cebe4036-21ae-4b47-b310-c7acf2fcad78-1024x1024.jpg\" alt=\"\" class=\"wp-image-47535 lazyload\" data-srcset=\"https:\/\/eldiariodesanpedro.com.ar\/sitio\/wp-content\/uploads\/2019\/02\/cebe4036-21ae-4b47-b310-c7acf2fcad78-1024x1024.jpg 1024w, https:\/\/eldiariodesanpedro.com.ar\/sitio\/wp-content\/uploads\/2019\/02\/cebe4036-21ae-4b47-b310-c7acf2fcad78-150x150.jpg 150w, https:\/\/eldiariodesanpedro.com.ar\/sitio\/wp-content\/uploads\/2019\/02\/cebe4036-21ae-4b47-b310-c7acf2fcad78-300x300.jpg 300w, https:\/\/eldiariodesanpedro.com.ar\/sitio\/wp-content\/uploads\/2019\/02\/cebe4036-21ae-4b47-b310-c7acf2fcad78-768x768.jpg 768w, https:\/\/eldiariodesanpedro.com.ar\/sitio\/wp-content\/uploads\/2019\/02\/cebe4036-21ae-4b47-b310-c7acf2fcad78.jpg 1080w\" data-sizes=\"(max-width: 1024px) 100vw, 1024px\" src=\"data:image\/svg+xml;base64,PHN2ZyB3aWR0aD0iMSIgaGVpZ2h0PSIxIiB4bWxucz0iaHR0cDovL3d3dy53My5vcmcvMjAwMC9zdmciPjwvc3ZnPg==\" style=\"--smush-placeholder-width: 1024px; --smush-placeholder-aspect-ratio: 1024\/1024;\" \/><\/figure>\n\n\n\n<p><\/p>\n","protected":false},"excerpt":{"rendered":"<p>Escuela Abierta es un espacio de encuentro entre chicos, familia y comunidad en la escuela para contribuir con el desarrollo del aprendizaje y cultivar valores ciudadanos a trav\u00e9s de actividades art\u00edsticas, culturales, deportivas y recreativas. Las instituciones educativas de los niveles Primario y Secundario pueden participar de la Convocatoria 2019 a Escuelas Abiertas, tambi\u00e9n&nbsp;denominados Centros [&hellip;]<\/p>\n","protected":false},"author":4,"featured_media":47535,"comment_status":"open","ping_status":"closed","sticky":false,"template":"","format":"standard","meta":{"om_disable_all_campaigns":false,"_jetpack_memberships_contains_paid_content":false,"footnotes":""},"categories":[101,2],"tags":[],"class_list":["post-47533","post","type-post","status-publish","format-standard","has-post-thumbnail","hentry","category-interes-general-locales","category-locales"],"aioseo_notices":[],"gutentor_comment":0,"jetpack_featured_media_url":"https:\/\/eldiariodesanpedro.com.ar\/sitio\/wp-content\/uploads\/2019\/02\/cebe4036-21ae-4b47-b310-c7acf2fcad78.jpg","jetpack_shortlink":"https:\/\/wp.me\/p6RhLt-cmF","jetpack_sharing_enabled":true,"_links":{"self":[{"href":"https:\/\/eldiariodesanpedro.com.ar\/sitio\/wp-json\/wp\/v2\/posts\/47533","targetHints":{"allow":["GET"]}}],"collection":[{"href":"https:\/\/eldiariodesanpedro.com.ar\/sitio\/wp-json\/wp\/v2\/posts"}],"about":[{"href":"https:\/\/eldiariodesanpedro.com.ar\/sitio\/wp-json\/wp\/v2\/types\/post"}],"author":[{"embeddable":true,"href":"https:\/\/eldiariodesanpedro.com.ar\/sitio\/wp-json\/wp\/v2\/users\/4"}],"replies":[{"embeddable":true,"href":"https:\/\/eldiariodesanpedro.com.ar\/sitio\/wp-json\/wp\/v2\/comments?post=47533"}],"version-history":[{"count":2,"href":"https:\/\/eldiariodesanpedro.com.ar\/sitio\/wp-json\/wp\/v2\/posts\/47533\/revisions"}],"predecessor-version":[{"id":47543,"href":"https:\/\/eldiariodesanpedro.com.ar\/sitio\/wp-json\/wp\/v2\/posts\/47533\/revisions\/47543"}],"wp:featuredmedia":[{"embeddable":true,"href":"https:\/\/eldiariodesanpedro.com.ar\/sitio\/wp-json\/wp\/v2\/media\/47535"}],"wp:attachment":[{"href":"https:\/\/eldiariodesanpedro.com.ar\/sitio\/wp-json\/wp\/v2\/media?parent=47533"}],"wp:term":[{"taxonomy":"category","embeddable":true,"href":"https:\/\/eldiariodesanpedro.com.ar\/sitio\/wp-json\/wp\/v2\/categories?post=47533"},{"taxonomy":"post_tag","embeddable":true,"href":"https:\/\/eldiariodesanpedro.com.ar\/sitio\/wp-json\/wp\/v2\/tags?post=47533"}],"curies":[{"name":"wp","href":"https:\/\/api.w.org\/{rel}","templated":true}]}}