{"id":47530,"date":"2019-02-14T10:07:28","date_gmt":"2019-02-14T13:07:28","guid":{"rendered":"https:\/\/eldiariodesanpedro.com.ar\/sitio\/?p=47530"},"modified":"2019-02-14T10:07:40","modified_gmt":"2019-02-14T13:07:40","slug":"cientificos-en-el-museo-paleontologico-de-san-pedro","status":"publish","type":"post","link":"https:\/\/eldiariodesanpedro.com.ar\/sitio\/cientificos-en-el-museo-paleontologico-de-san-pedro\/","title":{"rendered":"Cient\u00edficos en el Museo Paleontol\u00f3gico de San Pedro"},"content":{"rendered":"<!-- VideographyWP Plugin Message: Automatic video embedding prevented by plugin options. -->\n\n<p>En la jornada de mi\u00e9rcoles 13, el Museo Paleontol\u00f3gico de San Pedro recibi\u00f3 la visita del Dr. Leopoldo Soibelzon, investigador independiente de CONICET, profesor universitario e investigador del Museo de Ciencias Naturales de La Plata.Soibelzon lleg\u00f3 acompa\u00f1ado por el Lic. Facundo Iacona, a quien dirige en su tesis doctoral basada en la bioestratigraf\u00eda de la regi\u00f3n pampeana y un amigo personal.<\/p>\n\n\n\n<p>La visita estuvo vinculada al an\u00e1lisis de materiales novedosos recuperados por el Grupo Conservacionista de F\u00f3siles en los yacimientos de nuestro partido, sobre los cuales se est\u00e1n realizando los preparativos previos a su presentaci\u00f3n.<\/p>\n\n\n\n<p>El Dr. Soibelzon y el Lic. Iacona fueron recibidos por Jos\u00e9 Luis Aguilar, Julio Simonini y Javier Saucedo, integrantes del equipo del Museo, con quienes compartieron un almuerzo de trabajo, gentileza de restaurante \u00abLa Matrera\u00bb, donde se intercambiaron opiniones y se discutieron detalles de los nuevos hallazgos en los que se encuentra trabajando el Museo de San Pedro.<\/p>\n\n\n\n<p>El aporte de nuevos datos sobre la fauna de grandes mam\u00edferos que habit\u00f3 nuestra zona es fundamental para enriquecer la informaci\u00f3n que se brinda a colegios y visitantes en la muestra de la instituci\u00f3n. <\/p>\n","protected":false},"excerpt":{"rendered":"<p>En la jornada de mi\u00e9rcoles 13, el Museo Paleontol\u00f3gico de San Pedro recibi\u00f3 la visita del Dr. Leopoldo Soibelzon, investigador independiente de CONICET, profesor universitario e investigador del Museo de Ciencias Naturales de La Plata.Soibelzon lleg\u00f3 acompa\u00f1ado por el Lic. Facundo Iacona, a quien dirige en su tesis doctoral basada en la bioestratigraf\u00eda de la [&hellip;]<\/p>\n","protected":false},"author":4,"featured_media":47531,"comment_status":"open","ping_status":"closed","sticky":false,"template":"","format":"standard","meta":{"om_disable_all_campaigns":false,"_jetpack_memberships_contains_paid_content":false,"footnotes":""},"categories":[101,2],"tags":[],"class_list":["post-47530","post","type-post","status-publish","format-standard","has-post-thumbnail","hentry","category-interes-general-locales","category-locales"],"aioseo_notices":[],"gutentor_comment":0,"jetpack_featured_media_url":"https:\/\/eldiariodesanpedro.com.ar\/sitio\/wp-content\/uploads\/2019\/02\/Soibelzon-13-feb-2019.jpg","jetpack_shortlink":"https:\/\/wp.me\/p6RhLt-cmC","jetpack_sharing_enabled":true,"_links":{"self":[{"href":"https:\/\/eldiariodesanpedro.com.ar\/sitio\/wp-json\/wp\/v2\/posts\/47530","targetHints":{"allow":["GET"]}}],"collection":[{"href":"https:\/\/eldiariodesanpedro.com.ar\/sitio\/wp-json\/wp\/v2\/posts"}],"about":[{"href":"https:\/\/eldiariodesanpedro.com.ar\/sitio\/wp-json\/wp\/v2\/types\/post"}],"author":[{"embeddable":true,"href":"https:\/\/eldiariodesanpedro.com.ar\/sitio\/wp-json\/wp\/v2\/users\/4"}],"replies":[{"embeddable":true,"href":"https:\/\/eldiariodesanpedro.com.ar\/sitio\/wp-json\/wp\/v2\/comments?post=47530"}],"version-history":[{"count":1,"href":"https:\/\/eldiariodesanpedro.com.ar\/sitio\/wp-json\/wp\/v2\/posts\/47530\/revisions"}],"predecessor-version":[{"id":47532,"href":"https:\/\/eldiariodesanpedro.com.ar\/sitio\/wp-json\/wp\/v2\/posts\/47530\/revisions\/47532"}],"wp:featuredmedia":[{"embeddable":true,"href":"https:\/\/eldiariodesanpedro.com.ar\/sitio\/wp-json\/wp\/v2\/media\/47531"}],"wp:attachment":[{"href":"https:\/\/eldiariodesanpedro.com.ar\/sitio\/wp-json\/wp\/v2\/media?parent=47530"}],"wp:term":[{"taxonomy":"category","embeddable":true,"href":"https:\/\/eldiariodesanpedro.com.ar\/sitio\/wp-json\/wp\/v2\/categories?post=47530"},{"taxonomy":"post_tag","embeddable":true,"href":"https:\/\/eldiariodesanpedro.com.ar\/sitio\/wp-json\/wp\/v2\/tags?post=47530"}],"curies":[{"name":"wp","href":"https:\/\/api.w.org\/{rel}","templated":true}]}}