{"id":47524,"date":"2019-02-14T09:06:34","date_gmt":"2019-02-14T12:06:34","guid":{"rendered":"https:\/\/eldiariodesanpedro.com.ar\/sitio\/?p=47524"},"modified":"2019-02-14T09:06:45","modified_gmt":"2019-02-14T12:06:45","slug":"inscripcion-del-plan-fines-2019","status":"publish","type":"post","link":"https:\/\/eldiariodesanpedro.com.ar\/sitio\/inscripcion-del-plan-fines-2019\/","title":{"rendered":"Inscripci\u00f3n del Plan FINES 2019"},"content":{"rendered":"<!-- VideographyWP Plugin Message: Automatic video embedding prevented by plugin options. -->\n\n<p>La Municipalidad de San Pedro informa a trav\u00e9s de la Jefatura Distrital de Educaci\u00f3n que la semana pr\u00f3xima se pondr\u00e1 en marcha la inscripci\u00f3n del Plan FINES 2019 para el trayecto secundario 2019.<\/p>\n\n\n\n<p> El registro se elaborar\u00e1 por orden alfab\u00e9tico de acuerdo al cronograma que se apunta m\u00e1s abajo y que la inscripci\u00f3n debe concretarse en la oficina de al Jefatura de Ayacucho e Ituzaingo, primer piso-<\/p>\n\n\n\n<p><br><strong>Agenda<br><\/strong>Martes 19\/02\/19 de 17 a 19 hs &#8211; Apellidos de la A a la G (inclusive)<br>Mi\u00e9rcoles 20\/02\/19 de 17 a 19 hs&nbsp;&#8211; Apellidos de la H a la O (inclusive)<br>Jueves 21\/02\/19 de 17 a 19 hs \u2013 Apellidos de la P a la Z.<br><br><\/p>\n\n\n\n<p><strong>Requisitos (en un folio tama\u00f1o oficio)<\/strong><br>Fotocopia de DNI<br>Fotocopia de Partida de Nacimiento<br>Fotocopia de CUIL<br><br>Constancia original estudios completos aprobados o fotocopia de certificado de estudios terminados<\/p>\n\n\n\n<p>La Jefatura Distrital relev\u00f3 en 2018, 11.200 personas que no terminaron la secundaria y 23,7 % que habiendo transcurrido 10 a\u00f1os de la edad habitual para hacerlo, tiene la chance de completarlo a trav\u00e9s de este programa.<br><br><\/p>\n\n\n\n<p>Si ten\u00e9s m\u00e1s de 18 a\u00f1os y quer\u00e9s rendir materias adeudadas o terminar los estudios primarios\/secundarios, el Plan FINES&nbsp;te permite hacerlo en forma semipresencial, en la sede m\u00e1s cercana a tu domicilio y en el horario que m\u00e1s te conviene.<\/p>\n\n\n\n<p><br><strong>El Plan ES GRATUITO se presenta en dos modalidades:<\/strong><br>Modalidad Trayecto: Si adeudas la secundaria completa o a\u00f1os enteros completos.<br>Modalidad Deudores: Si adeudas s\u00f3lo algunas materias.<br>El t\u00edtulo es oficial, tiene validez nacional y es gratuito.<br><br><br><\/p>\n","protected":false},"excerpt":{"rendered":"<p>La Municipalidad de San Pedro informa a trav\u00e9s de la Jefatura Distrital de Educaci\u00f3n que la semana pr\u00f3xima se pondr\u00e1 en marcha la inscripci\u00f3n del Plan FINES 2019 para el trayecto secundario 2019. El registro se elaborar\u00e1 por orden alfab\u00e9tico de acuerdo al cronograma que se apunta m\u00e1s abajo y que la inscripci\u00f3n debe concretarse [&hellip;]<\/p>\n","protected":false},"author":4,"featured_media":47525,"comment_status":"open","ping_status":"closed","sticky":false,"template":"","format":"standard","meta":{"om_disable_all_campaigns":false,"_jetpack_memberships_contains_paid_content":false,"footnotes":""},"categories":[101,2],"tags":[],"class_list":["post-47524","post","type-post","status-publish","format-standard","has-post-thumbnail","hentry","category-interes-general-locales","category-locales"],"aioseo_notices":[],"gutentor_comment":0,"jetpack_featured_media_url":"https:\/\/eldiariodesanpedro.com.ar\/sitio\/wp-content\/uploads\/2019\/02\/plan-fines.jpg","jetpack_shortlink":"https:\/\/wp.me\/p6RhLt-cmw","jetpack_sharing_enabled":true,"_links":{"self":[{"href":"https:\/\/eldiariodesanpedro.com.ar\/sitio\/wp-json\/wp\/v2\/posts\/47524","targetHints":{"allow":["GET"]}}],"collection":[{"href":"https:\/\/eldiariodesanpedro.com.ar\/sitio\/wp-json\/wp\/v2\/posts"}],"about":[{"href":"https:\/\/eldiariodesanpedro.com.ar\/sitio\/wp-json\/wp\/v2\/types\/post"}],"author":[{"embeddable":true,"href":"https:\/\/eldiariodesanpedro.com.ar\/sitio\/wp-json\/wp\/v2\/users\/4"}],"replies":[{"embeddable":true,"href":"https:\/\/eldiariodesanpedro.com.ar\/sitio\/wp-json\/wp\/v2\/comments?post=47524"}],"version-history":[{"count":1,"href":"https:\/\/eldiariodesanpedro.com.ar\/sitio\/wp-json\/wp\/v2\/posts\/47524\/revisions"}],"predecessor-version":[{"id":47526,"href":"https:\/\/eldiariodesanpedro.com.ar\/sitio\/wp-json\/wp\/v2\/posts\/47524\/revisions\/47526"}],"wp:featuredmedia":[{"embeddable":true,"href":"https:\/\/eldiariodesanpedro.com.ar\/sitio\/wp-json\/wp\/v2\/media\/47525"}],"wp:attachment":[{"href":"https:\/\/eldiariodesanpedro.com.ar\/sitio\/wp-json\/wp\/v2\/media?parent=47524"}],"wp:term":[{"taxonomy":"category","embeddable":true,"href":"https:\/\/eldiariodesanpedro.com.ar\/sitio\/wp-json\/wp\/v2\/categories?post=47524"},{"taxonomy":"post_tag","embeddable":true,"href":"https:\/\/eldiariodesanpedro.com.ar\/sitio\/wp-json\/wp\/v2\/tags?post=47524"}],"curies":[{"name":"wp","href":"https:\/\/api.w.org\/{rel}","templated":true}]}}