{"id":47510,"date":"2019-02-13T12:09:38","date_gmt":"2019-02-13T15:09:38","guid":{"rendered":"https:\/\/eldiariodesanpedro.com.ar\/sitio\/?p=47510"},"modified":"2019-02-13T12:09:46","modified_gmt":"2019-02-13T15:09:46","slug":"la-comisaria-de-la-mujer-y-la-familia-estara-en-las-localidades","status":"publish","type":"post","link":"https:\/\/eldiariodesanpedro.com.ar\/sitio\/la-comisaria-de-la-mujer-y-la-familia-estara-en-las-localidades\/","title":{"rendered":"La comisar\u00eda de la mujer y la familia estar\u00e1 en las localidades"},"content":{"rendered":"<!-- VideographyWP Plugin Message: Automatic video embedding prevented by plugin options. -->\n\n<p>La comisar\u00eda local a cargo del Comisario Galiano informa a la sociedad sobre horarios que se atender\u00e1n denuncias y se asesorar\u00e1 a los ciudadanos de violencia de g\u00e9nero o afines, en las localidades vecinas del partido de San Pedro.<\/p>\n\n\n\n<p> El personal de la Comisar\u00eda de la Mujer y la Familia de San Pedro, se presentar\u00e1 en las distintas localidades de San Pedro, a los fines de recibir a personas que necesiten denunciar y\/o asesorarse del funcionamiento de la entidad policial, y que no tengan los medios para hacerlo en las oficinas de nuestra ciudad.<\/p>\n\n\n\n<p>Estar\u00e1 a cargo de personal preparado para ello, para que aquellas mujeres y personas que necesiten asesoramiento sobre la ley de violencia de genero y problem\u00e1tica familiar, podr\u00e1n hacerlo en los distintos destacamentos policiales correspondiente a su localidad.\u00a0\u00a0<\/p>\n\n\n\n<p>El cronograma para acercarse a realizar denuncias en los destacamento ser\u00e1n el viernes 15 de febrero en el destacamento de Gobernador Castro en el horario de 10 a 14 hs  a cargo de la Oficial Sub Ayudante Irina Sosa; el dia miercoles 20 de febrero en el destacamento de Rio Tala en el horario de 10 a 14 hs a cargo de la  Oficial Sub Ayudante Maria Jose Aguirre; el 28 de febrero en el destacamento de Santa Luc\u00eda de 10 a 14 hs y estar\u00e1 a cargo la Oficial  Mayra Molle; y el dia miercoles 13 de Marzo se realizar\u00e1 en el destacamento La Tosquera tambi\u00e9n de 10 a 14 hs a cargo de la Sargento Carla Rodriguez.    <\/p>\n\n\n\n<figure class=\"wp-block-image\"><img decoding=\"async\" width=\"1152\" height=\"648\" data-attachment-id=\"47511\" data-permalink=\"https:\/\/eldiariodesanpedro.com.ar\/sitio\/la-comisaria-de-la-mujer-y-la-familia-estara-en-las-localidades\/whatsapp-image-2019-02-13-at-09-02-39\/\" data-orig-file=\"https:\/\/eldiariodesanpedro.com.ar\/sitio\/wp-content\/uploads\/2019\/02\/WhatsApp-Image-2019-02-13-at-09.02.39.jpeg\" data-orig-size=\"1152,648\" data-comments-opened=\"1\" data-image-meta=\"{&quot;aperture&quot;:&quot;0&quot;,&quot;credit&quot;:&quot;&quot;,&quot;camera&quot;:&quot;&quot;,&quot;caption&quot;:&quot;&quot;,&quot;created_timestamp&quot;:&quot;0&quot;,&quot;copyright&quot;:&quot;&quot;,&quot;focal_length&quot;:&quot;0&quot;,&quot;iso&quot;:&quot;0&quot;,&quot;shutter_speed&quot;:&quot;0&quot;,&quot;title&quot;:&quot;&quot;,&quot;orientation&quot;:&quot;0&quot;}\" data-image-title=\"WhatsApp Image 2019-02-13 at 09.02.39\" data-image-description=\"\" data-image-caption=\"\" data-large-file=\"https:\/\/eldiariodesanpedro.com.ar\/sitio\/wp-content\/uploads\/2019\/02\/WhatsApp-Image-2019-02-13-at-09.02.39-1024x576.jpeg\" data-src=\"https:\/\/i1.wp.com\/eldiariodesanpedro.com.ar\/sitio\/wp-content\/uploads\/2019\/02\/WhatsApp-Image-2019-02-13-at-09.02.39.jpeg?fit=660%2C371\" alt=\"\" class=\"wp-image-47511 lazyload\" data-srcset=\"https:\/\/eldiariodesanpedro.com.ar\/sitio\/wp-content\/uploads\/2019\/02\/WhatsApp-Image-2019-02-13-at-09.02.39.jpeg 1152w, https:\/\/eldiariodesanpedro.com.ar\/sitio\/wp-content\/uploads\/2019\/02\/WhatsApp-Image-2019-02-13-at-09.02.39-300x169.jpeg 300w, https:\/\/eldiariodesanpedro.com.ar\/sitio\/wp-content\/uploads\/2019\/02\/WhatsApp-Image-2019-02-13-at-09.02.39-768x432.jpeg 768w, https:\/\/eldiariodesanpedro.com.ar\/sitio\/wp-content\/uploads\/2019\/02\/WhatsApp-Image-2019-02-13-at-09.02.39-1024x576.jpeg 1024w\" data-sizes=\"(max-width: 1152px) 100vw, 1152px\" src=\"data:image\/svg+xml;base64,PHN2ZyB3aWR0aD0iMSIgaGVpZ2h0PSIxIiB4bWxucz0iaHR0cDovL3d3dy53My5vcmcvMjAwMC9zdmciPjwvc3ZnPg==\" style=\"--smush-placeholder-width: 1152px; --smush-placeholder-aspect-ratio: 1152\/648;\" \/><\/figure>\n\n\n\n<p><br><\/p>\n","protected":false},"excerpt":{"rendered":"<p>La comisar\u00eda local a cargo del Comisario Galiano informa a la sociedad sobre horarios que se atender\u00e1n denuncias y se asesorar\u00e1 a los ciudadanos de violencia de g\u00e9nero o afines, en las localidades vecinas del partido de San Pedro. El personal de la Comisar\u00eda de la Mujer y la Familia de San Pedro, se presentar\u00e1 [&hellip;]<\/p>\n","protected":false},"author":4,"featured_media":47512,"comment_status":"open","ping_status":"closed","sticky":false,"template":"","format":"standard","meta":{"om_disable_all_campaigns":false,"_jetpack_memberships_contains_paid_content":false,"footnotes":""},"categories":[101,2],"tags":[],"class_list":["post-47510","post","type-post","status-publish","format-standard","has-post-thumbnail","hentry","category-interes-general-locales","category-locales"],"aioseo_notices":[],"gutentor_comment":0,"jetpack_featured_media_url":"https:\/\/eldiariodesanpedro.com.ar\/sitio\/wp-content\/uploads\/2019\/02\/000074522.jpg","jetpack_shortlink":"https:\/\/wp.me\/p6RhLt-cmi","jetpack_sharing_enabled":true,"_links":{"self":[{"href":"https:\/\/eldiariodesanpedro.com.ar\/sitio\/wp-json\/wp\/v2\/posts\/47510","targetHints":{"allow":["GET"]}}],"collection":[{"href":"https:\/\/eldiariodesanpedro.com.ar\/sitio\/wp-json\/wp\/v2\/posts"}],"about":[{"href":"https:\/\/eldiariodesanpedro.com.ar\/sitio\/wp-json\/wp\/v2\/types\/post"}],"author":[{"embeddable":true,"href":"https:\/\/eldiariodesanpedro.com.ar\/sitio\/wp-json\/wp\/v2\/users\/4"}],"replies":[{"embeddable":true,"href":"https:\/\/eldiariodesanpedro.com.ar\/sitio\/wp-json\/wp\/v2\/comments?post=47510"}],"version-history":[{"count":1,"href":"https:\/\/eldiariodesanpedro.com.ar\/sitio\/wp-json\/wp\/v2\/posts\/47510\/revisions"}],"predecessor-version":[{"id":47516,"href":"https:\/\/eldiariodesanpedro.com.ar\/sitio\/wp-json\/wp\/v2\/posts\/47510\/revisions\/47516"}],"wp:featuredmedia":[{"embeddable":true,"href":"https:\/\/eldiariodesanpedro.com.ar\/sitio\/wp-json\/wp\/v2\/media\/47512"}],"wp:attachment":[{"href":"https:\/\/eldiariodesanpedro.com.ar\/sitio\/wp-json\/wp\/v2\/media?parent=47510"}],"wp:term":[{"taxonomy":"category","embeddable":true,"href":"https:\/\/eldiariodesanpedro.com.ar\/sitio\/wp-json\/wp\/v2\/categories?post=47510"},{"taxonomy":"post_tag","embeddable":true,"href":"https:\/\/eldiariodesanpedro.com.ar\/sitio\/wp-json\/wp\/v2\/tags?post=47510"}],"curies":[{"name":"wp","href":"https:\/\/api.w.org\/{rel}","templated":true}]}}