{"id":47504,"date":"2019-02-13T11:26:21","date_gmt":"2019-02-13T14:26:21","guid":{"rendered":"https:\/\/eldiariodesanpedro.com.ar\/sitio\/?p=47504"},"modified":"2019-02-13T11:26:30","modified_gmt":"2019-02-13T14:26:30","slug":"zarate-balearon-a-una-persona-e-hirieron-a-otra-en-bernardo-de-irigoyen-al-2400-de-zarate-investigan-posible-ajuste-de-cuentas","status":"publish","type":"post","link":"https:\/\/eldiariodesanpedro.com.ar\/sitio\/zarate-balearon-a-una-persona-e-hirieron-a-otra-en-bernardo-de-irigoyen-al-2400-de-zarate-investigan-posible-ajuste-de-cuentas\/","title":{"rendered":"Z\u00c1RATE: Balearon a una persona e hirieron a otra en Bernardo de Irigoyen al 2400 de Z\u00e1rate: investigan posible ajuste de cuentas"},"content":{"rendered":"<!-- VideographyWP Plugin Message: Automatic video embedding prevented by plugin options. -->\n\n<p>En horas de la medianoche de este martes, personal del Comando de Patrulla de Z\u00e1rate fue alertado sobre la presencia de dos personas heridas en la zona de Bernardo de Irigoyen al 2400.<\/p>\n\n\n\n<p>Al apersonarse en el lugar, hallaron a un hombre con un fuerte golpe en la cabeza con herida cortante y otro con un disparo de arma de fuego en una de sus piernas y p\u00e9rdida de abundante sangre.<\/p>\n\n\n\n<p>Una ambulancia del SEMU acudi\u00f3 al sitio y traslad\u00f3 a los heridos al Hospital Virgen del Carmen.<\/p>\n\n\n\n<p>Por estas horas trascendi\u00f3 que un autom\u00f3vil con cuatro desconocidos llegaron a la vivienda en b\u00fasqueda de una de las v\u00edctimas, la que finalmente termin\u00f3 con un impacto de bala. Investigan un posible ajuste de cuentas.<\/p>\n\n\n\n<p>Fuente: Enlace Critico<\/p>\n","protected":false},"excerpt":{"rendered":"<p>En horas de la medianoche de este martes, personal del Comando de Patrulla de Z\u00e1rate fue alertado sobre la presencia de dos personas heridas en la zona de Bernardo de Irigoyen al 2400. Al apersonarse en el lugar, hallaron a un hombre con un fuerte golpe en la cabeza con herida cortante y otro con [&hellip;]<\/p>\n","protected":false},"author":4,"featured_media":47505,"comment_status":"open","ping_status":"closed","sticky":false,"template":"","format":"standard","meta":{"om_disable_all_campaigns":false,"_jetpack_memberships_contains_paid_content":false,"footnotes":""},"categories":[621],"tags":[],"class_list":["post-47504","post","type-post","status-publish","format-standard","has-post-thumbnail","hentry","category-regionales"],"aioseo_notices":[],"gutentor_comment":0,"jetpack_featured_media_url":"https:\/\/eldiariodesanpedro.com.ar\/sitio\/wp-content\/uploads\/2019\/02\/SEMU-CPC-Hospital-Noche.jpg","jetpack_shortlink":"https:\/\/wp.me\/p6RhLt-cmc","jetpack_sharing_enabled":true,"_links":{"self":[{"href":"https:\/\/eldiariodesanpedro.com.ar\/sitio\/wp-json\/wp\/v2\/posts\/47504","targetHints":{"allow":["GET"]}}],"collection":[{"href":"https:\/\/eldiariodesanpedro.com.ar\/sitio\/wp-json\/wp\/v2\/posts"}],"about":[{"href":"https:\/\/eldiariodesanpedro.com.ar\/sitio\/wp-json\/wp\/v2\/types\/post"}],"author":[{"embeddable":true,"href":"https:\/\/eldiariodesanpedro.com.ar\/sitio\/wp-json\/wp\/v2\/users\/4"}],"replies":[{"embeddable":true,"href":"https:\/\/eldiariodesanpedro.com.ar\/sitio\/wp-json\/wp\/v2\/comments?post=47504"}],"version-history":[{"count":1,"href":"https:\/\/eldiariodesanpedro.com.ar\/sitio\/wp-json\/wp\/v2\/posts\/47504\/revisions"}],"predecessor-version":[{"id":47506,"href":"https:\/\/eldiariodesanpedro.com.ar\/sitio\/wp-json\/wp\/v2\/posts\/47504\/revisions\/47506"}],"wp:featuredmedia":[{"embeddable":true,"href":"https:\/\/eldiariodesanpedro.com.ar\/sitio\/wp-json\/wp\/v2\/media\/47505"}],"wp:attachment":[{"href":"https:\/\/eldiariodesanpedro.com.ar\/sitio\/wp-json\/wp\/v2\/media?parent=47504"}],"wp:term":[{"taxonomy":"category","embeddable":true,"href":"https:\/\/eldiariodesanpedro.com.ar\/sitio\/wp-json\/wp\/v2\/categories?post=47504"},{"taxonomy":"post_tag","embeddable":true,"href":"https:\/\/eldiariodesanpedro.com.ar\/sitio\/wp-json\/wp\/v2\/tags?post=47504"}],"curies":[{"name":"wp","href":"https:\/\/api.w.org\/{rel}","templated":true}]}}