{"id":47500,"date":"2019-02-13T11:24:23","date_gmt":"2019-02-13T14:24:23","guid":{"rendered":"https:\/\/eldiariodesanpedro.com.ar\/sitio\/?p=47500"},"modified":"2019-02-13T11:24:33","modified_gmt":"2019-02-13T14:24:33","slug":"zarate-luego-del-escandalo-renuncio-la-secretaria-de-transito-municipal","status":"publish","type":"post","link":"https:\/\/eldiariodesanpedro.com.ar\/sitio\/zarate-luego-del-escandalo-renuncio-la-secretaria-de-transito-municipal\/","title":{"rendered":"Z\u00c1RATE: Luego del esc\u00e1ndalo renunci\u00f3 la Secretaria de Tr\u00e1nsito Municipal"},"content":{"rendered":"<!-- VideographyWP Plugin Message: Automatic video embedding prevented by plugin options. -->\n\n<p>El problema se desat\u00f3 porque, seg\u00fan los agentes policiales que intervinieron en el accidente ocurrido el pasado domingo en ruta 193, tanto Mc Nally como su marido estaban alcoholizados. Adem\u00e1s, la jefa de Tr\u00e1nsito no habr\u00eda permitido a los efectivos a que procedieran a la realizaci\u00f3n de los correspondientes test de alcoholemia.<\/p>\n\n\n\n<p>Tras el accidente la Polic\u00eda le realiz\u00f3 igualmente el test de alcoholemia, y&nbsp; obtuvieron 0.60 y 1,050 gramos por litro de sangre, superando el l\u00edmite permitido de 0,5 de alcohol en sangre.<\/p>\n\n\n\n<p>Vale recordar que Mc Nally hab\u00eda sido nombrada en el cargo hace apenas unas semanas atr\u00e1s y antes de presentar la renuncia, aceptada hoy, fue suspendida por las autoridades municipales.<\/p>\n\n\n\n<p>\u201cElla no ven\u00eda conduciendo el autom\u00f3vil sino que iba como acompa\u00f1ante\u201d, aclar\u00f3 el Secretario de Gobierno Arroquigaray y continu\u00f3: \u201cCuando ocurri\u00f3 el hecho se detuvieron y sometieron a las exigencias del personal policial. Se hizo la alcoholemia que fue voluntariamente aceptada incluso por la persona que iba como acompa\u00f1ante\u201d.<\/p>\n\n\n\n<p>Tanto Derosso como la ahora ex funcionaria\u00a0quedaron\u00a0<strong>imputados por el delito de lesiones culposas por el accidente.<\/strong><\/p>\n\n\n\n<p>Fuente: Zarate Alerta<\/p>\n","protected":false},"excerpt":{"rendered":"<p>El problema se desat\u00f3 porque, seg\u00fan los agentes policiales que intervinieron en el accidente ocurrido el pasado domingo en ruta 193, tanto Mc Nally como su marido estaban alcoholizados. Adem\u00e1s, la jefa de Tr\u00e1nsito no habr\u00eda permitido a los efectivos a que procedieran a la realizaci\u00f3n de los correspondientes test de alcoholemia. Tras el accidente [&hellip;]<\/p>\n","protected":false},"author":4,"featured_media":47502,"comment_status":"open","ping_status":"closed","sticky":false,"template":"","format":"standard","meta":{"om_disable_all_campaigns":false,"_jetpack_memberships_contains_paid_content":false,"footnotes":""},"categories":[621],"tags":[],"class_list":["post-47500","post","type-post","status-publish","format-standard","has-post-thumbnail","hentry","category-regionales"],"aioseo_notices":[],"gutentor_comment":0,"jetpack_featured_media_url":"https:\/\/eldiariodesanpedro.com.ar\/sitio\/wp-content\/uploads\/2019\/02\/soledadmcnally-12022019-641083.jpg","jetpack_shortlink":"https:\/\/wp.me\/p6RhLt-cm8","jetpack_sharing_enabled":true,"_links":{"self":[{"href":"https:\/\/eldiariodesanpedro.com.ar\/sitio\/wp-json\/wp\/v2\/posts\/47500","targetHints":{"allow":["GET"]}}],"collection":[{"href":"https:\/\/eldiariodesanpedro.com.ar\/sitio\/wp-json\/wp\/v2\/posts"}],"about":[{"href":"https:\/\/eldiariodesanpedro.com.ar\/sitio\/wp-json\/wp\/v2\/types\/post"}],"author":[{"embeddable":true,"href":"https:\/\/eldiariodesanpedro.com.ar\/sitio\/wp-json\/wp\/v2\/users\/4"}],"replies":[{"embeddable":true,"href":"https:\/\/eldiariodesanpedro.com.ar\/sitio\/wp-json\/wp\/v2\/comments?post=47500"}],"version-history":[{"count":1,"href":"https:\/\/eldiariodesanpedro.com.ar\/sitio\/wp-json\/wp\/v2\/posts\/47500\/revisions"}],"predecessor-version":[{"id":47503,"href":"https:\/\/eldiariodesanpedro.com.ar\/sitio\/wp-json\/wp\/v2\/posts\/47500\/revisions\/47503"}],"wp:featuredmedia":[{"embeddable":true,"href":"https:\/\/eldiariodesanpedro.com.ar\/sitio\/wp-json\/wp\/v2\/media\/47502"}],"wp:attachment":[{"href":"https:\/\/eldiariodesanpedro.com.ar\/sitio\/wp-json\/wp\/v2\/media?parent=47500"}],"wp:term":[{"taxonomy":"category","embeddable":true,"href":"https:\/\/eldiariodesanpedro.com.ar\/sitio\/wp-json\/wp\/v2\/categories?post=47500"},{"taxonomy":"post_tag","embeddable":true,"href":"https:\/\/eldiariodesanpedro.com.ar\/sitio\/wp-json\/wp\/v2\/tags?post=47500"}],"curies":[{"name":"wp","href":"https:\/\/api.w.org\/{rel}","templated":true}]}}