{"id":47497,"date":"2019-02-13T11:22:25","date_gmt":"2019-02-13T14:22:25","guid":{"rendered":"https:\/\/eldiariodesanpedro.com.ar\/sitio\/?p=47497"},"modified":"2019-02-13T11:22:36","modified_gmt":"2019-02-13T14:22:36","slug":"baradero-un-caballo-cayo-a-un-pozo-ciego-hecho-por-un-vecino-y-fue-encontrado-muerto","status":"publish","type":"post","link":"https:\/\/eldiariodesanpedro.com.ar\/sitio\/baradero-un-caballo-cayo-a-un-pozo-ciego-hecho-por-un-vecino-y-fue-encontrado-muerto\/","title":{"rendered":"BARADERO: Un caballo cay\u00f3 a un pozo ciego hecho por un vecino y fue encontrado muerto"},"content":{"rendered":"<!-- VideographyWP Plugin Message: Automatic video embedding prevented by plugin options. -->\n\n<p>Imprudentemente en Carranza al 1600, un hombre hizo un pozo ciego en el patio de su casa que no est\u00e1 cercada ni delimitada. Por esto, un caballo entr\u00f3 al patio y cay\u00f3 en el pozo. Vecinos de este hombre, sent\u00edan un fuerte olor a podrido. Luego descubrieron que el olor proven\u00eda&nbsp;del fondo de una vivienda abandonada. Al acercarse a la casa, un vecino vio que hab\u00eda un pozo ciego donde estaba un caballo ca\u00eddo all\u00ed y ya fallecido. La polic\u00eda lleg\u00f3 al lugar, verific\u00f3 que el animal estaba en un avanzado estado de putrefacci\u00f3n y luego Bomberos Voluntarios Baradero, decidi\u00f3 tapar el pozo.<\/p>\n\n\n\n<p>No queremos ni imaginar lo que hubiera sucedido si all\u00ed ca\u00eda un ni\u00f1o o una persona.<\/p>\n\n\n\n<p>Fuente: Tiempo Noticias<\/p>\n","protected":false},"excerpt":{"rendered":"<p>Imprudentemente en Carranza al 1600, un hombre hizo un pozo ciego en el patio de su casa que no est\u00e1 cercada ni delimitada. Por esto, un caballo entr\u00f3 al patio y cay\u00f3 en el pozo. Vecinos de este hombre, sent\u00edan un fuerte olor a podrido. Luego descubrieron que el olor proven\u00eda&nbsp;del fondo de una vivienda [&hellip;]<\/p>\n","protected":false},"author":4,"featured_media":47498,"comment_status":"open","ping_status":"closed","sticky":false,"template":"","format":"standard","meta":{"om_disable_all_campaigns":false,"_jetpack_memberships_contains_paid_content":false,"footnotes":""},"categories":[621],"tags":[],"class_list":["post-47497","post","type-post","status-publish","format-standard","has-post-thumbnail","hentry","category-regionales"],"aioseo_notices":[],"gutentor_comment":0,"jetpack_featured_media_url":"https:\/\/eldiariodesanpedro.com.ar\/sitio\/wp-content\/uploads\/2019\/02\/WhatsApp-Image-2019-02-13-at-09.13.53.jpeg","jetpack_shortlink":"https:\/\/wp.me\/p6RhLt-cm5","jetpack_sharing_enabled":true,"_links":{"self":[{"href":"https:\/\/eldiariodesanpedro.com.ar\/sitio\/wp-json\/wp\/v2\/posts\/47497","targetHints":{"allow":["GET"]}}],"collection":[{"href":"https:\/\/eldiariodesanpedro.com.ar\/sitio\/wp-json\/wp\/v2\/posts"}],"about":[{"href":"https:\/\/eldiariodesanpedro.com.ar\/sitio\/wp-json\/wp\/v2\/types\/post"}],"author":[{"embeddable":true,"href":"https:\/\/eldiariodesanpedro.com.ar\/sitio\/wp-json\/wp\/v2\/users\/4"}],"replies":[{"embeddable":true,"href":"https:\/\/eldiariodesanpedro.com.ar\/sitio\/wp-json\/wp\/v2\/comments?post=47497"}],"version-history":[{"count":1,"href":"https:\/\/eldiariodesanpedro.com.ar\/sitio\/wp-json\/wp\/v2\/posts\/47497\/revisions"}],"predecessor-version":[{"id":47499,"href":"https:\/\/eldiariodesanpedro.com.ar\/sitio\/wp-json\/wp\/v2\/posts\/47497\/revisions\/47499"}],"wp:featuredmedia":[{"embeddable":true,"href":"https:\/\/eldiariodesanpedro.com.ar\/sitio\/wp-json\/wp\/v2\/media\/47498"}],"wp:attachment":[{"href":"https:\/\/eldiariodesanpedro.com.ar\/sitio\/wp-json\/wp\/v2\/media?parent=47497"}],"wp:term":[{"taxonomy":"category","embeddable":true,"href":"https:\/\/eldiariodesanpedro.com.ar\/sitio\/wp-json\/wp\/v2\/categories?post=47497"},{"taxonomy":"post_tag","embeddable":true,"href":"https:\/\/eldiariodesanpedro.com.ar\/sitio\/wp-json\/wp\/v2\/tags?post=47497"}],"curies":[{"name":"wp","href":"https:\/\/api.w.org\/{rel}","templated":true}]}}