{"id":47496,"date":"2019-02-13T11:58:53","date_gmt":"2019-02-13T14:58:53","guid":{"rendered":"https:\/\/eldiariodesanpedro.com.ar\/sitio\/?p=47496"},"modified":"2019-02-13T12:02:12","modified_gmt":"2019-02-13T15:02:12","slug":"el-oftalmologo-martin-orso-me-preocupa-la-atencion-del-operativo-comunitario-el-anteojo-no-cura","status":"publish","type":"post","link":"https:\/\/eldiariodesanpedro.com.ar\/sitio\/el-oftalmologo-martin-orso-me-preocupa-la-atencion-del-operativo-comunitario-el-anteojo-no-cura\/","title":{"rendered":"El Oftalm\u00f3logo Mart\u00edn Orso: \u00abMe preocupa la atenci\u00f3n del operativo comunitario, el anteojo no cura\u00bb"},"content":{"rendered":"<!-- VideographyWP Plugin Message: Automatic video embedding prevented by plugin options. -->\n\n<p>Tras la realizaci\u00f3n del  \u201coperativo oftalmol\u00f3gico comunitario\u201d a cargo de movimientos sociales, el Oftalmologo Martin Orso, se comunico con este medio para realizar su descontento contra estos eventos que \u00abno son las consultas verdaderas que se deben realizar en nuestros ojos\u00bb.<\/p>\n\n\n\n<p>El Consejo de Oftalmol\u00f3gica Argentino (CAO) anteriormente, hab\u00eda hecho publico su oposici\u00f3n a este operativo advirtiendo a toda la poblaci\u00f3n sobre los graves riesgos que implica el control visual y el uso de anteojos recetados por quien no es m\u00e9dico oftalm\u00f3logo.<\/p>\n\n\n\n<p>El Diario de San Pedro estuvo presente realizando una entrevista en vivo, en uno de los lugares que se estaba realizando dicho operativo y esto inquieto aun mas a los profesionales de nuestra ciudad.<\/p>\n\n\n\n<p>As\u00ed fue como el Dr Martin Orso, se comunico con este medio y solicito hacer su descargo realizando otra entrevista en vivo mostrando como \u00abverdaderamente se hace un control visual\u00bb.<\/p>\n\n\n\n<p>\u00abLa detecci\u00f3n precoz de enfermedades que pueden llevar a la ceguera como el glaucoma (presi\u00f3n de ojos), las retinopat\u00edas (diabetes, hipertensi\u00f3n arterial, etc.), el estrabismo (ojos cruzados), los tumores y muchas otras, solo puede realizarla el m\u00e9dico a trav\u00e9s del examen integral del paciente y luego recetar, de ser necesario, el uso de lentes\u00bb, comenzaba la nota el oftalmologo.<\/p>\n\n\n\n<p>Mientras explicaba los paso a seguir, en su consultorio sito en calle Las Heras al 602, invitamos a una paciente, Mirta, a realizarse el control.<\/p>\n\n\n\n<p>El Dr explicaba \u00abhay muchas diferencias a lo que realmente hace un  oftalmologo, por eso me preocupe para que la gente compare y saque sus conclusiones, seguro pudieron  acceder a un anteojo econ\u00f3mico pero no a la cura de muchas cosas y si no te hacen un control como la gente, porque este comunitario fue muy precario, no podemos evitar las enfermedades a un futuro, lo que hicieron fue una revisi\u00f3n insuficiente\u00bb<\/p>\n\n\n\n<p>\u00abEstoy en contra de que al paciente le hayan quitado la posibilidad de un mejor control, donde se pueda detectar una enfermedad, los anteojos no curan, una o dos veces al a\u00f1o hay que controlarse, les recomendar\u00eda a la gente que les recetaron esos anteojos los chequeen, en el Hospital hay una excelente atenci\u00f3n y PAMI se los tiene que dar gratis, creo que hubiera funcionado mejor si despu\u00e9s de una buena consulta, se juntan 10 o 20 recetas y desde los movimientos se juntan y van a una \u00f3ptica y piden precios comunitarios\u00bb, finalizaba la nota.<br><\/p>\n\n\n\n<figure class=\"wp-block-embed-facebook wp-block-embed is-type-video is-provider-facebook\"><div class=\"wp-block-embed__wrapper\">\n<div class=\"fb-video\" data-allowfullscreen=\"true\" data-href=\"https:\/\/www.facebook.com\/eldiario.desanpedro\/videos\/495398134323623\/\" style=\"background-color: #fff; display: inline-block;\"><\/div>\n<\/div><\/figure>\n","protected":false},"excerpt":{"rendered":"<p>Tras la realizaci\u00f3n del \u201coperativo oftalmol\u00f3gico comunitario\u201d a cargo de movimientos sociales, el Oftalmologo Martin Orso, se comunico con este medio para realizar su descontento contra estos eventos que \u00abno son las consultas verdaderas que se deben realizar en nuestros ojos\u00bb. El Consejo de Oftalmol\u00f3gica Argentino (CAO) anteriormente, hab\u00eda hecho publico su oposici\u00f3n a este [&hellip;]<\/p>\n","protected":false},"author":4,"featured_media":47501,"comment_status":"open","ping_status":"closed","sticky":false,"template":"","format":"standard","meta":{"om_disable_all_campaigns":false,"_jetpack_memberships_contains_paid_content":false,"footnotes":""},"categories":[50,101,2],"tags":[],"class_list":["post-47496","post","type-post","status-publish","format-standard","has-post-thumbnail","hentry","category-destacadas","category-interes-general-locales","category-locales"],"aioseo_notices":[],"gutentor_comment":0,"jetpack_featured_media_url":"https:\/\/eldiariodesanpedro.com.ar\/sitio\/wp-content\/uploads\/2019\/02\/WhatsApp-Image-2019-02-13-at-09.11.55.jpeg","jetpack_shortlink":"https:\/\/wp.me\/p6RhLt-cm4","jetpack_sharing_enabled":true,"_links":{"self":[{"href":"https:\/\/eldiariodesanpedro.com.ar\/sitio\/wp-json\/wp\/v2\/posts\/47496","targetHints":{"allow":["GET"]}}],"collection":[{"href":"https:\/\/eldiariodesanpedro.com.ar\/sitio\/wp-json\/wp\/v2\/posts"}],"about":[{"href":"https:\/\/eldiariodesanpedro.com.ar\/sitio\/wp-json\/wp\/v2\/types\/post"}],"author":[{"embeddable":true,"href":"https:\/\/eldiariodesanpedro.com.ar\/sitio\/wp-json\/wp\/v2\/users\/4"}],"replies":[{"embeddable":true,"href":"https:\/\/eldiariodesanpedro.com.ar\/sitio\/wp-json\/wp\/v2\/comments?post=47496"}],"version-history":[{"count":2,"href":"https:\/\/eldiariodesanpedro.com.ar\/sitio\/wp-json\/wp\/v2\/posts\/47496\/revisions"}],"predecessor-version":[{"id":47515,"href":"https:\/\/eldiariodesanpedro.com.ar\/sitio\/wp-json\/wp\/v2\/posts\/47496\/revisions\/47515"}],"wp:featuredmedia":[{"embeddable":true,"href":"https:\/\/eldiariodesanpedro.com.ar\/sitio\/wp-json\/wp\/v2\/media\/47501"}],"wp:attachment":[{"href":"https:\/\/eldiariodesanpedro.com.ar\/sitio\/wp-json\/wp\/v2\/media?parent=47496"}],"wp:term":[{"taxonomy":"category","embeddable":true,"href":"https:\/\/eldiariodesanpedro.com.ar\/sitio\/wp-json\/wp\/v2\/categories?post=47496"},{"taxonomy":"post_tag","embeddable":true,"href":"https:\/\/eldiariodesanpedro.com.ar\/sitio\/wp-json\/wp\/v2\/tags?post=47496"}],"curies":[{"name":"wp","href":"https:\/\/api.w.org\/{rel}","templated":true}]}}