{"id":47493,"date":"2019-02-13T11:20:28","date_gmt":"2019-02-13T14:20:28","guid":{"rendered":"https:\/\/eldiariodesanpedro.com.ar\/sitio\/?p=47493"},"modified":"2019-02-13T11:20:40","modified_gmt":"2019-02-13T14:20:40","slug":"antes-de-discutir-una-mejora-para-2019-docentes-quieren-recuperar-lo-perdido-en-2018","status":"publish","type":"post","link":"https:\/\/eldiariodesanpedro.com.ar\/sitio\/antes-de-discutir-una-mejora-para-2019-docentes-quieren-recuperar-lo-perdido-en-2018\/","title":{"rendered":"Antes de discutir una mejora para 2019, docentes quieren recuperar lo perdido en 2018"},"content":{"rendered":"<!-- VideographyWP Plugin Message: Automatic video embedding prevented by plugin options. -->\n\n<p>Despu\u00e9s de un 2018 que termin\u00f3 sin acuerdo y con salarios actualizados por la v\u00eda del decreto, la Provincia y los gremios docentes inician hoy la negociaci\u00f3n paritaria de cara al ciclo 2019. Ser\u00e1 a partir de las 17.30 en el Ministerio de Econom\u00eda bonaerense, en La Plata, en medio de una previa caliente inscripta \u2013no es poca cosa\u2013 en un a\u00f1o electoral.En v\u00edsperas del inicio formal de la negociaci\u00f3n, EL NORTE consult\u00f3 a dirigentes gremiales del Suteba, de la FEB y de Udocba en el distrito para conocer sus expectativas.Nancy Monti, secretaria general del Suteba, advirti\u00f3 en primer t\u00e9rmino que \u201clo primero que decimos es que el inicio de clases depende exclusivamente de Vidal, y que lamentamos que se haya perdido todo el mes de enero y no nos hayan convocado\u201d.<\/p>\n\n\n\n<p>A s\u00f3lo diecis\u00e9is d\u00edas h\u00e1biles para llegar a la fecha establecida como inicio para el ciclo lectivo 2019, el mi\u00e9rcoles 6 de marzo, Monti se\u00f1al\u00f3 que \u201cpara comenzar las clases, lo que nosotros exigimos desde el Frente de Unidad primero es una recomposici\u00f3n salarial 2018 para recuperar la p\u00e9rdida de entre el 15% y el 16% que tuvimos el a\u00f1o pasado y despu\u00e9s reci\u00e9n ah\u00ed empezar a discutir el porcentaje de este a\u00f1o\u201d.<\/p>\n\n\n\n<p>La dirigente gremial nicole\u00f1a coment\u00f3 que \u201cpor supuesto exigimos salarios dignos\u201d y agreg\u00f3 que las organizaciones no solo est\u00e1n interesadas en discutir sueldos en el \u00e1mbito de la paritaria, sino que \u201ctambi\u00e9n un punto muy importante a tratar va ser el de escuelas seguras, porque no nos olvidamos de que dos compa\u00f1eros perdieron la vida hace unos meses a causa de las condiciones edilicias de las escuelas de la provincia de Buenos Aires\u201d. La referencia, naturalmente, ten\u00eda que ver con la explosi\u00f3n en la escuela 49 de Moreno, que en agosto del a\u00f1o pasado cost\u00f3 la vida de la vicedirectora Sandra Calamano y del auxiliar Rub\u00e9n Rodr\u00edguez.<\/p>\n\n\n\n<p><strong>\u201cQueremos empezar\u201d<\/strong><\/p>\n\n\n\n<p>A su turno, la secretaria general en San Nicol\u00e1s de la Federaci\u00f3n de Educadores Bonaerenses (FEB), Ver\u00f3nica Landi, subray\u00f3 con especial \u00e9nfasis que \u201ctodos queremos estar el 6 de marzo en las escuelas\u201d. Y complet\u00f3, en coincidencia con lo planteado por Monti: \u201cEs una paritaria en la que, en materia salarial, primero tenemos que tratar y resolver lo que hemos perdido en 2018. Pero tambi\u00e9n estamos tratando de hacer visibles algunas cuestiones de las que no se habla: todo lo que es capacitaci\u00f3n para las nuevas implementaciones de tecnolog\u00edas en las escuelas, ya que no est\u00e1n las tecnolog\u00edas ni los recursos dentro de las escuelas; queremos hablar de inclusi\u00f3n y de la carencia de equipos de orientaci\u00f3n para poder trabajar con las problem\u00e1ticas situadas dentro de cada una de las escuelas del distrito. Naturalmente, despu\u00e9s de lo que sucedi\u00f3 el a\u00f1o pasado en Moreno, tambi\u00e9n queremos discutir y acordar soluciones en materia de infraestructura\u201d.<\/p>\n\n\n\n<p>En cuanto a lo salarial, Landi no solo tuvo en cuenta el costo de vida de un trabajador docente, sino tambi\u00e9n su propio desempe\u00f1o profesional. \u201cCon el 2% de aumento que se aplic\u00f3 a nuestros sueldos en enero de este a\u00f1o y que signific\u00f3 apenas 108 pesos al b\u00e1sico, terminamos de cobrar el 32% de 2018. Tenemos un sueldo muy magro que nos impide desarrollarnos profesionalmente porque tampoco podemos hacer cursos que son indispensables para estar a la altura de lo que necesita la educaci\u00f3n de un pa\u00eds\u201d, advirti\u00f3 la dirigente de la FEB. <\/p>\n\n\n\n<p>A su turno, la secretaria general en San Nicol\u00e1s de la Federaci\u00f3n de Educadores Bonaerenses (FEB), Ver\u00f3nica Landi, subray\u00f3 con especial \u00e9nfasis que \u201ctodos queremos estar el 6 de marzo en las escuelas\u201d. Y complet\u00f3, en coincidencia con lo planteado por Monti: \u201cEs una paritaria en la que, en materia salarial, primero tenemos que tratar y resolver lo que hemos perdido en 2018. Pero tambi\u00e9n estamos tratando de hacer visibles algunas cuestiones de las que no se habla: todo lo que es capacitaci\u00f3n para las nuevas implementaciones de tecnolog\u00edas en las escuelas, ya que no est\u00e1n las tecnolog\u00edas ni los recursos dentro de las escuelas; queremos hablar de inclusi\u00f3n y de la carencia de equipos de orientaci\u00f3n para poder trabajar con las problem\u00e1ticas situadas dentro de cada una de las escuelas del distrito. Naturalmente, despu\u00e9s de lo que sucedi\u00f3 el a\u00f1o pasado en Moreno, tambi\u00e9n queremos discutir y acordar soluciones en materia de infraestructura\u201d.<\/p>\n\n\n\n<p>En cuanto a lo salarial, Landi no solo tuvo en cuanta el costo de vida de un trabajador docente, sino tambi\u00e9n su propio desempe\u00f1o profesional. \u201cCon el 2% de aumento que se aplic\u00f3 a nuestros sueldos en enero de este a\u00f1o y que signific\u00f3 apenas 108 pesos al b\u00e1sico, terminamos de cobrar el 32% de 2018. Tenemos un sueldo muy magro que nos impide desarrollarnos profesionalmente porque tampoco podemos hacer cursos que son indispensables para estar a la altura de lo que necesita la educaci\u00f3n de un pa\u00eds\u201d, advirti\u00f3 la dirigente de la FEB. <\/p>\n\n\n\n<p>Fuente: Diario El Norte<\/p>\n","protected":false},"excerpt":{"rendered":"<p>Despu\u00e9s de un 2018 que termin\u00f3 sin acuerdo y con salarios actualizados por la v\u00eda del decreto, la Provincia y los gremios docentes inician hoy la negociaci\u00f3n paritaria de cara al ciclo 2019. Ser\u00e1 a partir de las 17.30 en el Ministerio de Econom\u00eda bonaerense, en La Plata, en medio de una previa caliente inscripta [&hellip;]<\/p>\n","protected":false},"author":4,"featured_media":47494,"comment_status":"open","ping_status":"closed","sticky":false,"template":"","format":"standard","meta":{"om_disable_all_campaigns":false,"_jetpack_memberships_contains_paid_content":false,"footnotes":""},"categories":[621],"tags":[],"class_list":["post-47493","post","type-post","status-publish","format-standard","has-post-thumbnail","hentry","category-regionales"],"aioseo_notices":[],"gutentor_comment":0,"jetpack_featured_media_url":"https:\/\/eldiariodesanpedro.com.ar\/sitio\/wp-content\/uploads\/2019\/02\/0-1-2.jpg","jetpack_shortlink":"https:\/\/wp.me\/p6RhLt-cm1","jetpack_sharing_enabled":true,"_links":{"self":[{"href":"https:\/\/eldiariodesanpedro.com.ar\/sitio\/wp-json\/wp\/v2\/posts\/47493","targetHints":{"allow":["GET"]}}],"collection":[{"href":"https:\/\/eldiariodesanpedro.com.ar\/sitio\/wp-json\/wp\/v2\/posts"}],"about":[{"href":"https:\/\/eldiariodesanpedro.com.ar\/sitio\/wp-json\/wp\/v2\/types\/post"}],"author":[{"embeddable":true,"href":"https:\/\/eldiariodesanpedro.com.ar\/sitio\/wp-json\/wp\/v2\/users\/4"}],"replies":[{"embeddable":true,"href":"https:\/\/eldiariodesanpedro.com.ar\/sitio\/wp-json\/wp\/v2\/comments?post=47493"}],"version-history":[{"count":1,"href":"https:\/\/eldiariodesanpedro.com.ar\/sitio\/wp-json\/wp\/v2\/posts\/47493\/revisions"}],"predecessor-version":[{"id":47495,"href":"https:\/\/eldiariodesanpedro.com.ar\/sitio\/wp-json\/wp\/v2\/posts\/47493\/revisions\/47495"}],"wp:featuredmedia":[{"embeddable":true,"href":"https:\/\/eldiariodesanpedro.com.ar\/sitio\/wp-json\/wp\/v2\/media\/47494"}],"wp:attachment":[{"href":"https:\/\/eldiariodesanpedro.com.ar\/sitio\/wp-json\/wp\/v2\/media?parent=47493"}],"wp:term":[{"taxonomy":"category","embeddable":true,"href":"https:\/\/eldiariodesanpedro.com.ar\/sitio\/wp-json\/wp\/v2\/categories?post=47493"},{"taxonomy":"post_tag","embeddable":true,"href":"https:\/\/eldiariodesanpedro.com.ar\/sitio\/wp-json\/wp\/v2\/tags?post=47493"}],"curies":[{"name":"wp","href":"https:\/\/api.w.org\/{rel}","templated":true}]}}