{"id":47487,"date":"2019-02-13T11:09:19","date_gmt":"2019-02-13T14:09:19","guid":{"rendered":"https:\/\/eldiariodesanpedro.com.ar\/sitio\/?p=47487"},"modified":"2019-02-13T11:09:29","modified_gmt":"2019-02-13T14:09:29","slug":"campana-vidal-inaugura-una-carcel-modelo-para-jovenes","status":"publish","type":"post","link":"https:\/\/eldiariodesanpedro.com.ar\/sitio\/campana-vidal-inaugura-una-carcel-modelo-para-jovenes\/","title":{"rendered":"CAMPANA: Vidal inaugura una c\u00e1rcel \u201cmodelo\u201d para j\u00f3venes"},"content":{"rendered":"<!-- VideographyWP Plugin Message: Automatic video embedding prevented by plugin options. -->\n\n<p>\n\nMar\u00eda Eugenia Vidal inaugura este mi\u00e9rcoles una nueva unidad penitenciaria \u00abmodelo\u00bb en la localidad de Campana. Seg\u00fan destaca la Gobernaci\u00f3n bonaerense, es la primera c\u00e1rcel, completamente nueva, inaugurada en la provincia en m\u00e1s de una d\u00e9cada. Est\u00e1 destinada a j\u00f3venes (varones todos) de 18 a 21 a\u00f1os, que hayan cometido delitos contra la propiedad, que se comprometan a reinsertarse en la sociedad y capacitarse, bajo un programa intensivo.<\/p>\n\n\n\n<p>La noticia se conoce cuando Cambiemos busca instalar la seguridad como tema central de campa\u00f1a, en medio de una fuerte recesi\u00f3n econ\u00f3mica. En el Conurbano profundo, de todos modos, el tema siempre est\u00e1 latente: de acuerdo con datos de la Provincia, m\u00e1s de un 40% de j\u00f3venes vuelven a cometer delitos luego de haber sido encarcelados.&nbsp;<\/p>\n\n\n\n<p>La unidad modelo de Campana, un proyecto a cargo del ministerio de Justicia que conduce Gustavo Ferrari, prev\u00e9 albergar a m\u00e1s de 600 internos. Muchos de los cuales ya han sido \u00abseleccionados y evaluados\u00bb por el organismo provincial de la ni\u00f1ez y adolescencia, sobre un total de 3.700 j\u00f3venes alojados en el sistema carcelario bonaerense.<\/p>\n\n\n\n<p>\u00abLos j\u00f3venes que vayan al nuevo penal deber\u00e1n firmar un compromiso de pautas a cumplir. Respetar la convivencia, los horarios, y las actividades educativas y laborales. Aquellos con problemas de adicciones, deber\u00e1n someterse a un programa de tratamiento integral con el apoyo de profesionales interdisciplinarios\u00bb, explicaron en la Provincia.&nbsp;<\/p>\n\n\n\n<p>\u00abEst\u00e1 Inspirada en modelos penitenciarios de Alemania y Estados Unidos, respetando los est\u00e1ndares internacionales en Derechos Humanos. La unidad de Campana ser\u00e1 \u00fanica en su estilo en el pa\u00eds\u00bb, agregaron desde la Gobernaci\u00f3n.<\/p>\n\n\n\n<p>La c\u00e1rcel cuenta con cuatro m\u00f3dulos independientes, tiene aulas, talleres y un polideportivo. Adem\u00e1s, los internos dispondr\u00e1n del tratamiento de sus propios residuos, cultivar\u00e1n una huerta comunal y contar\u00e1n con un \u00abpatronato de liberados\u00bb organizado dentro de la misma c\u00e1rcel para garantizar el acompa\u00f1amiento.<\/p>\n\n\n\n<p>La pol\u00edtica en justicia y seguridad es un caballito de batalla para la gesti\u00f3n de provincia de Buenos Aires. Seg\u00fan los funcionarios, \u00abnos encontramos mucho mejor ahora de como encontramos inicialmente la Provincia, pero todav\u00eda estamos lejos\u00bb.&nbsp;<\/p>\n\n\n\n<p>\u00abHoy en d\u00eda los menores de 16 a\u00f1os siguen detenidos en comisar\u00edas, aunque est\u00e1n pr\u00f3ximos a inaugurarse cinco lugares de recepci\u00f3n\u00bb, afirman en la Gobernaci\u00f3n.<\/p>\n\n\n\n<p>Fuente: Clar\u00edn\n\n<\/p>\n","protected":false},"excerpt":{"rendered":"<p>Mar\u00eda Eugenia Vidal inaugura este mi\u00e9rcoles una nueva unidad penitenciaria \u00abmodelo\u00bb en la localidad de Campana. Seg\u00fan destaca la Gobernaci\u00f3n bonaerense, es la primera c\u00e1rcel, completamente nueva, inaugurada en la provincia en m\u00e1s de una d\u00e9cada. Est\u00e1 destinada a j\u00f3venes (varones todos) de 18 a 21 a\u00f1os, que hayan cometido delitos contra la propiedad, que [&hellip;]<\/p>\n","protected":false},"author":4,"featured_media":47488,"comment_status":"open","ping_status":"closed","sticky":false,"template":"","format":"standard","meta":{"om_disable_all_campaigns":false,"_jetpack_memberships_contains_paid_content":false,"footnotes":""},"categories":[621],"tags":[],"class_list":["post-47487","post","type-post","status-publish","format-standard","has-post-thumbnail","hentry","category-regionales"],"aioseo_notices":[],"gutentor_comment":0,"jetpack_featured_media_url":"https:\/\/eldiariodesanpedro.com.ar\/sitio\/wp-content\/uploads\/2019\/02\/no_ejqdje4t8pgxy3dcarcel_campana.jpg","jetpack_shortlink":"https:\/\/wp.me\/p6RhLt-clV","jetpack_sharing_enabled":true,"_links":{"self":[{"href":"https:\/\/eldiariodesanpedro.com.ar\/sitio\/wp-json\/wp\/v2\/posts\/47487","targetHints":{"allow":["GET"]}}],"collection":[{"href":"https:\/\/eldiariodesanpedro.com.ar\/sitio\/wp-json\/wp\/v2\/posts"}],"about":[{"href":"https:\/\/eldiariodesanpedro.com.ar\/sitio\/wp-json\/wp\/v2\/types\/post"}],"author":[{"embeddable":true,"href":"https:\/\/eldiariodesanpedro.com.ar\/sitio\/wp-json\/wp\/v2\/users\/4"}],"replies":[{"embeddable":true,"href":"https:\/\/eldiariodesanpedro.com.ar\/sitio\/wp-json\/wp\/v2\/comments?post=47487"}],"version-history":[{"count":1,"href":"https:\/\/eldiariodesanpedro.com.ar\/sitio\/wp-json\/wp\/v2\/posts\/47487\/revisions"}],"predecessor-version":[{"id":47489,"href":"https:\/\/eldiariodesanpedro.com.ar\/sitio\/wp-json\/wp\/v2\/posts\/47487\/revisions\/47489"}],"wp:featuredmedia":[{"embeddable":true,"href":"https:\/\/eldiariodesanpedro.com.ar\/sitio\/wp-json\/wp\/v2\/media\/47488"}],"wp:attachment":[{"href":"https:\/\/eldiariodesanpedro.com.ar\/sitio\/wp-json\/wp\/v2\/media?parent=47487"}],"wp:term":[{"taxonomy":"category","embeddable":true,"href":"https:\/\/eldiariodesanpedro.com.ar\/sitio\/wp-json\/wp\/v2\/categories?post=47487"},{"taxonomy":"post_tag","embeddable":true,"href":"https:\/\/eldiariodesanpedro.com.ar\/sitio\/wp-json\/wp\/v2\/tags?post=47487"}],"curies":[{"name":"wp","href":"https:\/\/api.w.org\/{rel}","templated":true}]}}