{"id":47485,"date":"2019-02-13T11:07:36","date_gmt":"2019-02-13T14:07:36","guid":{"rendered":"https:\/\/eldiariodesanpedro.com.ar\/sitio\/?p=47485"},"modified":"2019-02-13T11:11:39","modified_gmt":"2019-02-13T14:11:39","slug":"san-nicolas-sacaron-al-ladron-debajo-de-la-cama","status":"publish","type":"post","link":"https:\/\/eldiariodesanpedro.com.ar\/sitio\/san-nicolas-sacaron-al-ladron-debajo-de-la-cama\/","title":{"rendered":"SAN NICOL\u00c1S: Sacaron al ladr\u00f3n debajo de la cama"},"content":{"rendered":"<!-- VideographyWP Plugin Message: Automatic video embedding prevented by plugin options. -->\n\n<p>Este martes a la tarde en el camino colectora de tierra, paralelo a las v\u00edas entre barrio 9 de Julio y Del Carmen, una mujer de 44 a\u00f1os circulaba en su moto Honda Bis 110 cc blanca, cuando fue sorprendida por dos sujetos quienes violentamente la interceptaron y tras amedrentarla le sustrajeron el rodado, la cartera con documentaci\u00f3n, el celular y dinero en efectivo.La mujer pidi\u00f3 ayuda y llam\u00f3 a emergencias policiales donde cont\u00f3 lo ocurrido. Tras intensas tareas investigativas de parte del Gabinete Criminol\u00f3gico de la Comisar\u00eda Segunda, mediante di\u00e1logo con testigos y trabajo de campo, pudieron determinar la identidad de los probables ladrones y d\u00f3nde se encontrar\u00edan.<\/p>\n\n\n\n<p>R\u00e1pidamente los efectivos llegaron a la vivienda donde se habr\u00eda guarecido el presunto delincuente y se la rodea para evitar que escape. Al verse cercado, el investigado de 32 a\u00f1os intent\u00f3 huir por el fondo y all\u00ed tir\u00f3 la cartera, pero al no vislumbrar v\u00edas de escape ingres\u00f3 de nuevo al domicilio.<\/p>\n\n\n\n<p><strong>Capturas<\/strong><\/p>\n\n\n\n<p>El personal policial finalmente ingres\u00f3 a la casa con la anuencia de su propietaria, que es la madre del joven a quien buscaban, y procedieron a la aprehensi\u00f3n del sujeto, que estaba escondido debajo de la cama. Asimismo, en la vivienda secuestraron la moto que hab\u00eda sido robada. Por otro lado, agentes del Comando de patrulla, en Av. Savio procedieron a la aprehensi\u00f3n de un joven de 21 a\u00f1os, quien circulaba en una moto Honda Tornado 250 cc, como sospechoso de haber participado tambi\u00e9n en el atraco a la se\u00f1ora. <\/p>\n\n\n\n<p>Fuente: Diario El Norte<\/p>\n","protected":false},"excerpt":{"rendered":"<p>Este martes a la tarde en el camino colectora de tierra, paralelo a las v\u00edas entre barrio 9 de Julio y Del Carmen, una mujer de 44 a\u00f1os circulaba en su moto Honda Bis 110 cc blanca, cuando fue sorprendida por dos sujetos quienes violentamente la interceptaron y tras amedrentarla le sustrajeron el rodado, la [&hellip;]<\/p>\n","protected":false},"author":4,"featured_media":47490,"comment_status":"open","ping_status":"closed","sticky":false,"template":"","format":"standard","meta":{"om_disable_all_campaigns":false,"_jetpack_memberships_contains_paid_content":false,"footnotes":""},"categories":[621],"tags":[],"class_list":["post-47485","post","type-post","status-publish","format-standard","has-post-thumbnail","hentry","category-regionales"],"aioseo_notices":[],"gutentor_comment":0,"jetpack_featured_media_url":"https:\/\/eldiariodesanpedro.com.ar\/sitio\/wp-content\/uploads\/2019\/02\/0-2.jpg","jetpack_shortlink":"https:\/\/wp.me\/p6RhLt-clT","jetpack_sharing_enabled":true,"_links":{"self":[{"href":"https:\/\/eldiariodesanpedro.com.ar\/sitio\/wp-json\/wp\/v2\/posts\/47485","targetHints":{"allow":["GET"]}}],"collection":[{"href":"https:\/\/eldiariodesanpedro.com.ar\/sitio\/wp-json\/wp\/v2\/posts"}],"about":[{"href":"https:\/\/eldiariodesanpedro.com.ar\/sitio\/wp-json\/wp\/v2\/types\/post"}],"author":[{"embeddable":true,"href":"https:\/\/eldiariodesanpedro.com.ar\/sitio\/wp-json\/wp\/v2\/users\/4"}],"replies":[{"embeddable":true,"href":"https:\/\/eldiariodesanpedro.com.ar\/sitio\/wp-json\/wp\/v2\/comments?post=47485"}],"version-history":[{"count":1,"href":"https:\/\/eldiariodesanpedro.com.ar\/sitio\/wp-json\/wp\/v2\/posts\/47485\/revisions"}],"predecessor-version":[{"id":47486,"href":"https:\/\/eldiariodesanpedro.com.ar\/sitio\/wp-json\/wp\/v2\/posts\/47485\/revisions\/47486"}],"wp:featuredmedia":[{"embeddable":true,"href":"https:\/\/eldiariodesanpedro.com.ar\/sitio\/wp-json\/wp\/v2\/media\/47490"}],"wp:attachment":[{"href":"https:\/\/eldiariodesanpedro.com.ar\/sitio\/wp-json\/wp\/v2\/media?parent=47485"}],"wp:term":[{"taxonomy":"category","embeddable":true,"href":"https:\/\/eldiariodesanpedro.com.ar\/sitio\/wp-json\/wp\/v2\/categories?post=47485"},{"taxonomy":"post_tag","embeddable":true,"href":"https:\/\/eldiariodesanpedro.com.ar\/sitio\/wp-json\/wp\/v2\/tags?post=47485"}],"curies":[{"name":"wp","href":"https:\/\/api.w.org\/{rel}","templated":true}]}}