{"id":47482,"date":"2019-02-13T11:04:04","date_gmt":"2019-02-13T14:04:04","guid":{"rendered":"https:\/\/eldiariodesanpedro.com.ar\/sitio\/?p=47482"},"modified":"2019-02-13T11:04:18","modified_gmt":"2019-02-13T14:04:18","slug":"ramallo-diez-delincuentes-en-cinco-motos-robaron-en-el-super-de-cooperativa-obrera","status":"publish","type":"post","link":"https:\/\/eldiariodesanpedro.com.ar\/sitio\/ramallo-diez-delincuentes-en-cinco-motos-robaron-en-el-super-de-cooperativa-obrera\/","title":{"rendered":"RAMALLO: Diez delincuentes, en cinco motos, robaron en el super de Cooperativa Obrera"},"content":{"rendered":"<!-- VideographyWP Plugin Message: Automatic video embedding prevented by plugin options. -->\n\n<p>El Supermercado Cooperativa Obrera, ubicado en Presidente Per\u00f3n 1028, fue copado esta madrugada por una banda de delincuentes.<\/p>\n\n\n\n<p>El hecho ocurri\u00f3 alrededor de las 4:30 del lunes, cuando al menos cinco sujetos ingresaron al amplio comercio violentando una puerta de emergencias. Se llevaron televisores y otros electrodom\u00e9sticos, llegando los malvivientes en cinco motocicletas.\u00a0<\/p>\n\n\n\n<p>Seg\u00fan se apreci\u00f3 en las c\u00e1maras de seguridad, actuaron diez delincuentes, llev\u00e1ndose un televisor por moto, m\u00e1s otros electrodom\u00e9sticos. Cinco ingresaron al local y otros cinco oficiaron de \u201ccampana\u201d sobre los mismos rodados.<\/p>\n\n\n\n<p>La Polic\u00eda arrib\u00f3 junto a los encargados del lugar, quienes fueron alertados por la Central de Monitoreo de Dotti y Marengo, que impact\u00f3 en esta puerta de emergencias ubicada del lado de calle Santiago del Estero.<\/p>\n\n\n\n<p><strong>Fuente: Flas 24<\/strong><\/p>\n","protected":false},"excerpt":{"rendered":"<p>El Supermercado Cooperativa Obrera, ubicado en Presidente Per\u00f3n 1028, fue copado esta madrugada por una banda de delincuentes. El hecho ocurri\u00f3 alrededor de las 4:30 del lunes, cuando al menos cinco sujetos ingresaron al amplio comercio violentando una puerta de emergencias. Se llevaron televisores y otros electrodom\u00e9sticos, llegando los malvivientes en cinco motocicletas.\u00a0 Seg\u00fan se [&hellip;]<\/p>\n","protected":false},"author":4,"featured_media":47483,"comment_status":"open","ping_status":"closed","sticky":false,"template":"","format":"standard","meta":{"om_disable_all_campaigns":false,"_jetpack_memberships_contains_paid_content":false,"footnotes":""},"categories":[621],"tags":[],"class_list":["post-47482","post","type-post","status-publish","format-standard","has-post-thumbnail","hentry","category-regionales"],"aioseo_notices":[],"gutentor_comment":0,"jetpack_featured_media_url":"https:\/\/eldiariodesanpedro.com.ar\/sitio\/wp-content\/uploads\/2019\/02\/mucop-878x300.jpg","jetpack_shortlink":"https:\/\/wp.me\/p6RhLt-clQ","jetpack_sharing_enabled":true,"_links":{"self":[{"href":"https:\/\/eldiariodesanpedro.com.ar\/sitio\/wp-json\/wp\/v2\/posts\/47482","targetHints":{"allow":["GET"]}}],"collection":[{"href":"https:\/\/eldiariodesanpedro.com.ar\/sitio\/wp-json\/wp\/v2\/posts"}],"about":[{"href":"https:\/\/eldiariodesanpedro.com.ar\/sitio\/wp-json\/wp\/v2\/types\/post"}],"author":[{"embeddable":true,"href":"https:\/\/eldiariodesanpedro.com.ar\/sitio\/wp-json\/wp\/v2\/users\/4"}],"replies":[{"embeddable":true,"href":"https:\/\/eldiariodesanpedro.com.ar\/sitio\/wp-json\/wp\/v2\/comments?post=47482"}],"version-history":[{"count":1,"href":"https:\/\/eldiariodesanpedro.com.ar\/sitio\/wp-json\/wp\/v2\/posts\/47482\/revisions"}],"predecessor-version":[{"id":47484,"href":"https:\/\/eldiariodesanpedro.com.ar\/sitio\/wp-json\/wp\/v2\/posts\/47482\/revisions\/47484"}],"wp:featuredmedia":[{"embeddable":true,"href":"https:\/\/eldiariodesanpedro.com.ar\/sitio\/wp-json\/wp\/v2\/media\/47483"}],"wp:attachment":[{"href":"https:\/\/eldiariodesanpedro.com.ar\/sitio\/wp-json\/wp\/v2\/media?parent=47482"}],"wp:term":[{"taxonomy":"category","embeddable":true,"href":"https:\/\/eldiariodesanpedro.com.ar\/sitio\/wp-json\/wp\/v2\/categories?post=47482"},{"taxonomy":"post_tag","embeddable":true,"href":"https:\/\/eldiariodesanpedro.com.ar\/sitio\/wp-json\/wp\/v2\/tags?post=47482"}],"curies":[{"name":"wp","href":"https:\/\/api.w.org\/{rel}","templated":true}]}}