{"id":47481,"date":"2019-02-13T11:15:56","date_gmt":"2019-02-13T14:15:56","guid":{"rendered":"https:\/\/eldiariodesanpedro.com.ar\/sitio\/?p=47481"},"modified":"2019-02-13T11:16:04","modified_gmt":"2019-02-13T14:16:04","slug":"rio-tala-dos-menores-le-tiraban-piedras-con-una-gomera-al-personal-policial","status":"publish","type":"post","link":"https:\/\/eldiariodesanpedro.com.ar\/sitio\/rio-tala-dos-menores-le-tiraban-piedras-con-una-gomera-al-personal-policial\/","title":{"rendered":"Rio Tala: Dos menores le tiraban piedras con una gomera al personal policial"},"content":{"rendered":"<!-- VideographyWP Plugin Message: Automatic video embedding prevented by plugin options. -->\n\n<p>Sucedio en  horas de la tarde de este martes, cuando efectivos recorrian las calles de la localidad, al llegar a  calle G\u00fcemes y San Martin, dos menores comenzaron a tirarles piedras con una gomera.<\/p>\n\n\n\n<p>El personal policial  procede a la demora de los adolescentes de  14 y 16 a\u00f1os de edad, contando que  el origen se dio cuando un  integrante de una familia, domiciliado cerca del destacamento policial, inicio discusi\u00f3n con los menores que le tiraban piedras.<\/p>\n\n\n\n<p> Despu\u00e9s vecinos fueron en contra de esa persona que se enfrento con los menores, lo que origino una nueva confrontaci\u00f3n entre ambos, que amerito nueva intervenci\u00f3n policial, para hacer cesar el evento, que no paso a mayores, esto trajo aparejado denunciadas radicadas por las partes con amenazas.<\/p>\n\n\n\n<p> Intervino la fiscal\u00eda juvenil de San Nicolas, y tras recaudos legales los menores fueron entregados a sus responsables, habi\u00e9ndose secuestrado gomeras que utilizaban.  <\/p>\n\n\n\n<figure class=\"wp-block-image\"><img decoding=\"async\" width=\"960\" height=\"1280\" data-attachment-id=\"47491\" data-permalink=\"https:\/\/eldiariodesanpedro.com.ar\/sitio\/rio-tala-dos-menores-le-tiraban-piedras-con-una-gomera-al-personal-policial\/whatsapp-image-2019-02-13-at-08-58-51-2\/\" data-orig-file=\"https:\/\/eldiariodesanpedro.com.ar\/sitio\/wp-content\/uploads\/2019\/02\/WhatsApp-Image-2019-02-13-at-08.58.51-1.jpeg\" data-orig-size=\"960,1280\" data-comments-opened=\"1\" data-image-meta=\"{&quot;aperture&quot;:&quot;0&quot;,&quot;credit&quot;:&quot;&quot;,&quot;camera&quot;:&quot;&quot;,&quot;caption&quot;:&quot;&quot;,&quot;created_timestamp&quot;:&quot;0&quot;,&quot;copyright&quot;:&quot;&quot;,&quot;focal_length&quot;:&quot;0&quot;,&quot;iso&quot;:&quot;0&quot;,&quot;shutter_speed&quot;:&quot;0&quot;,&quot;title&quot;:&quot;&quot;,&quot;orientation&quot;:&quot;0&quot;}\" data-image-title=\"WhatsApp Image 2019-02-13 at 08.58.51\" data-image-description=\"\" data-image-caption=\"\" data-large-file=\"https:\/\/eldiariodesanpedro.com.ar\/sitio\/wp-content\/uploads\/2019\/02\/WhatsApp-Image-2019-02-13-at-08.58.51-1-768x1024.jpeg\" data-src=\"https:\/\/i0.wp.com\/eldiariodesanpedro.com.ar\/sitio\/wp-content\/uploads\/2019\/02\/WhatsApp-Image-2019-02-13-at-08.58.51-1.jpeg?fit=660%2C880\" alt=\"\" class=\"wp-image-47491 lazyload\" data-srcset=\"https:\/\/eldiariodesanpedro.com.ar\/sitio\/wp-content\/uploads\/2019\/02\/WhatsApp-Image-2019-02-13-at-08.58.51-1.jpeg 960w, https:\/\/eldiariodesanpedro.com.ar\/sitio\/wp-content\/uploads\/2019\/02\/WhatsApp-Image-2019-02-13-at-08.58.51-1-225x300.jpeg 225w, https:\/\/eldiariodesanpedro.com.ar\/sitio\/wp-content\/uploads\/2019\/02\/WhatsApp-Image-2019-02-13-at-08.58.51-1-768x1024.jpeg 768w\" data-sizes=\"(max-width: 960px) 100vw, 960px\" src=\"data:image\/svg+xml;base64,PHN2ZyB3aWR0aD0iMSIgaGVpZ2h0PSIxIiB4bWxucz0iaHR0cDovL3d3dy53My5vcmcvMjAwMC9zdmciPjwvc3ZnPg==\" style=\"--smush-placeholder-width: 960px; --smush-placeholder-aspect-ratio: 960\/1280;\" \/><\/figure>\n\n\n\n<p><\/p>\n\n\n\n<p><br><\/p>\n","protected":false},"excerpt":{"rendered":"<p>Sucedio en horas de la tarde de este martes, cuando efectivos recorrian las calles de la localidad, al llegar a calle G\u00fcemes y San Martin, dos menores comenzaron a tirarles piedras con una gomera. El personal policial procede a la demora de los adolescentes de 14 y 16 a\u00f1os de edad, contando que el origen [&hellip;]<\/p>\n","protected":false},"author":4,"featured_media":47491,"comment_status":"open","ping_status":"closed","sticky":false,"template":"","format":"standard","meta":{"om_disable_all_campaigns":false,"_jetpack_memberships_contains_paid_content":false,"footnotes":""},"categories":[2,103],"tags":[],"class_list":["post-47481","post","type-post","status-publish","format-standard","has-post-thumbnail","hentry","category-locales","category-policiales-locales"],"aioseo_notices":[],"gutentor_comment":0,"jetpack_featured_media_url":"https:\/\/eldiariodesanpedro.com.ar\/sitio\/wp-content\/uploads\/2019\/02\/WhatsApp-Image-2019-02-13-at-08.58.51-1.jpeg","jetpack_shortlink":"https:\/\/wp.me\/p6RhLt-clP","jetpack_sharing_enabled":true,"_links":{"self":[{"href":"https:\/\/eldiariodesanpedro.com.ar\/sitio\/wp-json\/wp\/v2\/posts\/47481","targetHints":{"allow":["GET"]}}],"collection":[{"href":"https:\/\/eldiariodesanpedro.com.ar\/sitio\/wp-json\/wp\/v2\/posts"}],"about":[{"href":"https:\/\/eldiariodesanpedro.com.ar\/sitio\/wp-json\/wp\/v2\/types\/post"}],"author":[{"embeddable":true,"href":"https:\/\/eldiariodesanpedro.com.ar\/sitio\/wp-json\/wp\/v2\/users\/4"}],"replies":[{"embeddable":true,"href":"https:\/\/eldiariodesanpedro.com.ar\/sitio\/wp-json\/wp\/v2\/comments?post=47481"}],"version-history":[{"count":1,"href":"https:\/\/eldiariodesanpedro.com.ar\/sitio\/wp-json\/wp\/v2\/posts\/47481\/revisions"}],"predecessor-version":[{"id":47492,"href":"https:\/\/eldiariodesanpedro.com.ar\/sitio\/wp-json\/wp\/v2\/posts\/47481\/revisions\/47492"}],"wp:featuredmedia":[{"embeddable":true,"href":"https:\/\/eldiariodesanpedro.com.ar\/sitio\/wp-json\/wp\/v2\/media\/47491"}],"wp:attachment":[{"href":"https:\/\/eldiariodesanpedro.com.ar\/sitio\/wp-json\/wp\/v2\/media?parent=47481"}],"wp:term":[{"taxonomy":"category","embeddable":true,"href":"https:\/\/eldiariodesanpedro.com.ar\/sitio\/wp-json\/wp\/v2\/categories?post=47481"},{"taxonomy":"post_tag","embeddable":true,"href":"https:\/\/eldiariodesanpedro.com.ar\/sitio\/wp-json\/wp\/v2\/tags?post=47481"}],"curies":[{"name":"wp","href":"https:\/\/api.w.org\/{rel}","templated":true}]}}