{"id":47460,"date":"2019-02-13T10:18:52","date_gmt":"2019-02-13T13:18:52","guid":{"rendered":"https:\/\/eldiariodesanpedro.com.ar\/sitio\/?p=47460"},"modified":"2019-02-13T10:18:59","modified_gmt":"2019-02-13T13:18:59","slug":"se-recupero-una-moto-que-fue-robada-en-el-2018","status":"publish","type":"post","link":"https:\/\/eldiariodesanpedro.com.ar\/sitio\/se-recupero-una-moto-que-fue-robada-en-el-2018\/","title":{"rendered":"Se recupero una moto que fue robada en el 2018"},"content":{"rendered":"<!-- VideographyWP Plugin Message: Automatic video embedding prevented by plugin options. -->\n\n<p>Tras un marco de distintos operativos que se desarrollan todos los d\u00edas, el personal de comisaria procedi\u00f3 al secuestro de una motocicleta 110 cc con pedido de captura activa.<\/p>\n\n\n\n<p>Sucedi\u00f3 en la intersecci\u00f3n de las calles 9 de Julio y Pellegrini cuando un ciudadano de 41 a\u00f1os de edad que circulaba en el rodado mencionado fue interceptado por los oficiales y tras verificar por el sistema inform\u00e1tico se constato que la motocicleta tiene pedido de captura activa por el delito de hurto en nuestra ciudad del a\u00f1o 2018 a requerimiento de la Fiscalia N\u00ba5.<\/p>\n\n\n\n<p>Con respecto al conductor se cumplieron recaudos legales y posterior soltura. El veh\u00edculo quedo secuestrado en el deposito policial.<\/p>\n\n\n\n<figure class=\"wp-block-image\"><img decoding=\"async\" width=\"768\" height=\"1024\" data-attachment-id=\"47456\" data-permalink=\"https:\/\/eldiariodesanpedro.com.ar\/sitio\/un-grupo-de-personas-robo-mercaderia-de-un-camion-que-despisto-sobre-ruta-9\/whatsapp-image-2019-02-13-at-09-00-31\/\" data-orig-file=\"https:\/\/eldiariodesanpedro.com.ar\/sitio\/wp-content\/uploads\/2019\/02\/WhatsApp-Image-2019-02-13-at-09.00.31.jpeg\" data-orig-size=\"960,1280\" data-comments-opened=\"1\" data-image-meta=\"{&quot;aperture&quot;:&quot;0&quot;,&quot;credit&quot;:&quot;&quot;,&quot;camera&quot;:&quot;&quot;,&quot;caption&quot;:&quot;&quot;,&quot;created_timestamp&quot;:&quot;0&quot;,&quot;copyright&quot;:&quot;&quot;,&quot;focal_length&quot;:&quot;0&quot;,&quot;iso&quot;:&quot;0&quot;,&quot;shutter_speed&quot;:&quot;0&quot;,&quot;title&quot;:&quot;&quot;,&quot;orientation&quot;:&quot;0&quot;}\" data-image-title=\"WhatsApp Image 2019-02-13 at 09.00.31\" data-image-description=\"\" data-image-caption=\"\" data-large-file=\"https:\/\/eldiariodesanpedro.com.ar\/sitio\/wp-content\/uploads\/2019\/02\/WhatsApp-Image-2019-02-13-at-09.00.31-768x1024.jpeg\" data-src=\"https:\/\/eldiariodesanpedro.com.ar\/sitio\/wp-content\/uploads\/2019\/02\/WhatsApp-Image-2019-02-13-at-09.00.31-768x1024.jpeg\" alt=\"\" class=\"wp-image-47456 lazyload\" data-srcset=\"https:\/\/eldiariodesanpedro.com.ar\/sitio\/wp-content\/uploads\/2019\/02\/WhatsApp-Image-2019-02-13-at-09.00.31-768x1024.jpeg 768w, https:\/\/eldiariodesanpedro.com.ar\/sitio\/wp-content\/uploads\/2019\/02\/WhatsApp-Image-2019-02-13-at-09.00.31-225x300.jpeg 225w, https:\/\/eldiariodesanpedro.com.ar\/sitio\/wp-content\/uploads\/2019\/02\/WhatsApp-Image-2019-02-13-at-09.00.31.jpeg 960w\" data-sizes=\"(max-width: 768px) 100vw, 768px\" src=\"data:image\/svg+xml;base64,PHN2ZyB3aWR0aD0iMSIgaGVpZ2h0PSIxIiB4bWxucz0iaHR0cDovL3d3dy53My5vcmcvMjAwMC9zdmciPjwvc3ZnPg==\" style=\"--smush-placeholder-width: 768px; --smush-placeholder-aspect-ratio: 768\/1024;\" \/><\/figure>\n\n\n\n<p><br><\/p>\n","protected":false},"excerpt":{"rendered":"<p>Tras un marco de distintos operativos que se desarrollan todos los d\u00edas, el personal de comisaria procedi\u00f3 al secuestro de una motocicleta 110 cc con pedido de captura activa. Sucedi\u00f3 en la intersecci\u00f3n de las calles 9 de Julio y Pellegrini cuando un ciudadano de 41 a\u00f1os de edad que circulaba en el rodado mencionado [&hellip;]<\/p>\n","protected":false},"author":4,"featured_media":47456,"comment_status":"open","ping_status":"closed","sticky":false,"template":"","format":"standard","meta":{"om_disable_all_campaigns":false,"_jetpack_memberships_contains_paid_content":false,"footnotes":""},"categories":[103],"tags":[],"class_list":["post-47460","post","type-post","status-publish","format-standard","has-post-thumbnail","hentry","category-policiales-locales"],"aioseo_notices":[],"gutentor_comment":0,"jetpack_featured_media_url":"https:\/\/eldiariodesanpedro.com.ar\/sitio\/wp-content\/uploads\/2019\/02\/WhatsApp-Image-2019-02-13-at-09.00.31.jpeg","jetpack_shortlink":"https:\/\/wp.me\/p6RhLt-clu","jetpack_sharing_enabled":true,"_links":{"self":[{"href":"https:\/\/eldiariodesanpedro.com.ar\/sitio\/wp-json\/wp\/v2\/posts\/47460","targetHints":{"allow":["GET"]}}],"collection":[{"href":"https:\/\/eldiariodesanpedro.com.ar\/sitio\/wp-json\/wp\/v2\/posts"}],"about":[{"href":"https:\/\/eldiariodesanpedro.com.ar\/sitio\/wp-json\/wp\/v2\/types\/post"}],"author":[{"embeddable":true,"href":"https:\/\/eldiariodesanpedro.com.ar\/sitio\/wp-json\/wp\/v2\/users\/4"}],"replies":[{"embeddable":true,"href":"https:\/\/eldiariodesanpedro.com.ar\/sitio\/wp-json\/wp\/v2\/comments?post=47460"}],"version-history":[{"count":1,"href":"https:\/\/eldiariodesanpedro.com.ar\/sitio\/wp-json\/wp\/v2\/posts\/47460\/revisions"}],"predecessor-version":[{"id":47465,"href":"https:\/\/eldiariodesanpedro.com.ar\/sitio\/wp-json\/wp\/v2\/posts\/47460\/revisions\/47465"}],"wp:featuredmedia":[{"embeddable":true,"href":"https:\/\/eldiariodesanpedro.com.ar\/sitio\/wp-json\/wp\/v2\/media\/47456"}],"wp:attachment":[{"href":"https:\/\/eldiariodesanpedro.com.ar\/sitio\/wp-json\/wp\/v2\/media?parent=47460"}],"wp:term":[{"taxonomy":"category","embeddable":true,"href":"https:\/\/eldiariodesanpedro.com.ar\/sitio\/wp-json\/wp\/v2\/categories?post=47460"},{"taxonomy":"post_tag","embeddable":true,"href":"https:\/\/eldiariodesanpedro.com.ar\/sitio\/wp-json\/wp\/v2\/tags?post=47460"}],"curies":[{"name":"wp","href":"https:\/\/api.w.org\/{rel}","templated":true}]}}