{"id":47450,"date":"2019-02-13T10:07:23","date_gmt":"2019-02-13T13:07:23","guid":{"rendered":"https:\/\/eldiariodesanpedro.com.ar\/sitio\/?p=47450"},"modified":"2019-02-13T10:08:02","modified_gmt":"2019-02-13T13:08:02","slug":"un-grupo-de-personas-robo-mercaderia-de-un-camion-que-despisto-sobre-ruta-9","status":"publish","type":"post","link":"https:\/\/eldiariodesanpedro.com.ar\/sitio\/un-grupo-de-personas-robo-mercaderia-de-un-camion-que-despisto-sobre-ruta-9\/","title":{"rendered":"Un grupo de personas robo mercader\u00eda de un cami\u00f3n que despisto sobre Ruta 9"},"content":{"rendered":"<!-- VideographyWP Plugin Message: Automatic video embedding prevented by plugin options. -->\n\n<p>Se trata de un semi que colisiono sobre Ruta 9 km 181. Su conductor fue trasladado por la ambulancia del SAME al hospital local mientras sujetos ignorados le sustra\u00edan la mercader\u00eda que perdi\u00f3.<\/p>\n\n\n\n<p>El hecho ocurri\u00f3 este martes por la ma\u00f1ana, cuando personal del destacamento de Gobernador Castro fue alertado  y se comisiono hasta la Ruta 9 km 181, carril mano Rosario &#8211; Buenos Aires,  donde se encontraba un cami\u00f3n de la empresa de Trasporte Colonia S.R.L, cargado de mercader\u00eda tipo almac\u00e9n  que hab\u00eda despistado y volcado.<\/p>\n\n\n\n<p>Era conducido por un ciudadano de 33 a\u00f1os de edad, de nombre Juan Carlos Pujon, quien fue trasladado al nosocomio local por la ambulancia del SAME con heridas de car\u00e1cter leve.<\/p>\n\n\n\n<p>Mientras tanto, un grupo de personas quienes aprovecharon esta situaci\u00f3n, cargaban la mercaderia a sus vehiculos mientras iban llegando y se daban a la fuga.<\/p>\n\n\n\n<p>Interviene la Fiscalia N\u00ba5 del Dr Manso.<\/p>\n\n\n\n<figure class=\"wp-block-image\"><img decoding=\"async\" width=\"768\" height=\"1024\" data-attachment-id=\"47457\" data-permalink=\"https:\/\/eldiariodesanpedro.com.ar\/sitio\/un-grupo-de-personas-robo-mercaderia-de-un-camion-que-despisto-sobre-ruta-9\/whatsapp-image-2019-02-13-at-09-48-25\/\" data-orig-file=\"https:\/\/eldiariodesanpedro.com.ar\/sitio\/wp-content\/uploads\/2019\/02\/WhatsApp-Image-2019-02-13-at-09.48.25.jpeg\" data-orig-size=\"774,1032\" data-comments-opened=\"1\" data-image-meta=\"{&quot;aperture&quot;:&quot;0&quot;,&quot;credit&quot;:&quot;&quot;,&quot;camera&quot;:&quot;&quot;,&quot;caption&quot;:&quot;&quot;,&quot;created_timestamp&quot;:&quot;0&quot;,&quot;copyright&quot;:&quot;&quot;,&quot;focal_length&quot;:&quot;0&quot;,&quot;iso&quot;:&quot;0&quot;,&quot;shutter_speed&quot;:&quot;0&quot;,&quot;title&quot;:&quot;&quot;,&quot;orientation&quot;:&quot;0&quot;}\" data-image-title=\"WhatsApp Image 2019-02-13 at 09.48.25\" data-image-description=\"\" data-image-caption=\"\" data-large-file=\"https:\/\/eldiariodesanpedro.com.ar\/sitio\/wp-content\/uploads\/2019\/02\/WhatsApp-Image-2019-02-13-at-09.48.25-768x1024.jpeg\" data-src=\"https:\/\/eldiariodesanpedro.com.ar\/sitio\/wp-content\/uploads\/2019\/02\/WhatsApp-Image-2019-02-13-at-09.48.25-768x1024.jpeg\" alt=\"\" class=\"wp-image-47457 lazyload\" data-srcset=\"https:\/\/eldiariodesanpedro.com.ar\/sitio\/wp-content\/uploads\/2019\/02\/WhatsApp-Image-2019-02-13-at-09.48.25-768x1024.jpeg 768w, https:\/\/eldiariodesanpedro.com.ar\/sitio\/wp-content\/uploads\/2019\/02\/WhatsApp-Image-2019-02-13-at-09.48.25-225x300.jpeg 225w, https:\/\/eldiariodesanpedro.com.ar\/sitio\/wp-content\/uploads\/2019\/02\/WhatsApp-Image-2019-02-13-at-09.48.25.jpeg 774w\" data-sizes=\"(max-width: 768px) 100vw, 768px\" src=\"data:image\/svg+xml;base64,PHN2ZyB3aWR0aD0iMSIgaGVpZ2h0PSIxIiB4bWxucz0iaHR0cDovL3d3dy53My5vcmcvMjAwMC9zdmciPjwvc3ZnPg==\" style=\"--smush-placeholder-width: 768px; --smush-placeholder-aspect-ratio: 768\/1024;\" \/><\/figure>\n\n\n\n<p><br><\/p>\n","protected":false},"excerpt":{"rendered":"<p>Se trata de un semi que colisiono sobre Ruta 9 km 181. Su conductor fue trasladado por la ambulancia del SAME al hospital local mientras sujetos ignorados le sustra\u00edan la mercader\u00eda que perdi\u00f3. El hecho ocurri\u00f3 este martes por la ma\u00f1ana, cuando personal del destacamento de Gobernador Castro fue alertado y se comisiono hasta la [&hellip;]<\/p>\n","protected":false},"author":4,"featured_media":47457,"comment_status":"open","ping_status":"closed","sticky":false,"template":"","format":"standard","meta":{"om_disable_all_campaigns":false,"_jetpack_memberships_contains_paid_content":false,"footnotes":""},"categories":[50,2,103],"tags":[],"class_list":["post-47450","post","type-post","status-publish","format-standard","has-post-thumbnail","hentry","category-destacadas","category-locales","category-policiales-locales"],"aioseo_notices":[],"gutentor_comment":0,"jetpack_featured_media_url":"https:\/\/eldiariodesanpedro.com.ar\/sitio\/wp-content\/uploads\/2019\/02\/WhatsApp-Image-2019-02-13-at-09.48.25.jpeg","jetpack_shortlink":"https:\/\/wp.me\/p6RhLt-clk","jetpack_sharing_enabled":true,"_links":{"self":[{"href":"https:\/\/eldiariodesanpedro.com.ar\/sitio\/wp-json\/wp\/v2\/posts\/47450","targetHints":{"allow":["GET"]}}],"collection":[{"href":"https:\/\/eldiariodesanpedro.com.ar\/sitio\/wp-json\/wp\/v2\/posts"}],"about":[{"href":"https:\/\/eldiariodesanpedro.com.ar\/sitio\/wp-json\/wp\/v2\/types\/post"}],"author":[{"embeddable":true,"href":"https:\/\/eldiariodesanpedro.com.ar\/sitio\/wp-json\/wp\/v2\/users\/4"}],"replies":[{"embeddable":true,"href":"https:\/\/eldiariodesanpedro.com.ar\/sitio\/wp-json\/wp\/v2\/comments?post=47450"}],"version-history":[{"count":2,"href":"https:\/\/eldiariodesanpedro.com.ar\/sitio\/wp-json\/wp\/v2\/posts\/47450\/revisions"}],"predecessor-version":[{"id":47459,"href":"https:\/\/eldiariodesanpedro.com.ar\/sitio\/wp-json\/wp\/v2\/posts\/47450\/revisions\/47459"}],"wp:featuredmedia":[{"embeddable":true,"href":"https:\/\/eldiariodesanpedro.com.ar\/sitio\/wp-json\/wp\/v2\/media\/47457"}],"wp:attachment":[{"href":"https:\/\/eldiariodesanpedro.com.ar\/sitio\/wp-json\/wp\/v2\/media?parent=47450"}],"wp:term":[{"taxonomy":"category","embeddable":true,"href":"https:\/\/eldiariodesanpedro.com.ar\/sitio\/wp-json\/wp\/v2\/categories?post=47450"},{"taxonomy":"post_tag","embeddable":true,"href":"https:\/\/eldiariodesanpedro.com.ar\/sitio\/wp-json\/wp\/v2\/tags?post=47450"}],"curies":[{"name":"wp","href":"https:\/\/api.w.org\/{rel}","templated":true}]}}