{"id":47441,"date":"2019-02-12T20:01:45","date_gmt":"2019-02-12T23:01:45","guid":{"rendered":"https:\/\/eldiariodesanpedro.com.ar\/sitio\/?p=47441"},"modified":"2019-02-12T20:01:54","modified_gmt":"2019-02-12T23:01:54","slug":"provincia-la-canasta-escolar-cuesta-56-mas-que-el-ano-pasado","status":"publish","type":"post","link":"https:\/\/eldiariodesanpedro.com.ar\/sitio\/provincia-la-canasta-escolar-cuesta-56-mas-que-el-ano-pasado\/","title":{"rendered":"PROVINCIA: La canasta escolar cuesta 56% m\u00e1s que el a\u00f1o pasado"},"content":{"rendered":"<!-- VideographyWP Plugin Message: Automatic video embedding prevented by plugin options. -->\n\n<p>El organismo que conduce Guido Lorenzino hizo un relevamiento en toda la Provincia sobre la variaci\u00f3n de estos productos. Entre \u00fatiles y vestimenta, una familia tiene que gastar 5.439,45 pesos.<\/p>\n\n\n\n<p> La Defensor\u00eda del Pueblo bonaerense elabor\u00f3 un relevamiento que mostr\u00f3 que la canasta escolar aument\u00f3 un 56% respecto al a\u00f1o pasado, donde una familia tiene que gastar actualmente unos 5.439,45 pesos por \u00fatiles e indumentaria, cuando en el mismo mes de 2018 le costaron 3.489,07 pesos.<br> \u201cSe trata de otro indicador de lo dif\u00edcil que se le hace a una familia encarar el d\u00eda a d\u00eda. Los aumentos en todos los rubros golpean de lleno a los ciudadanos, pero sobre todo afectan con dureza a los m\u00e1s vulnerables\u201d, expres\u00f3 el Defensor del Pueblo, Guido Lorenzino.<\/p>\n\n\n\n<p> El informe relev\u00f3 el precio de 43 productos escolares, que en total suman 5.439,45 pesos, en 63 comercios como cadenas de supermercados, librer\u00edas, cooperativas y casas de deporte e indumentaria escolar, en 25 ciudades de la regi\u00f3n capital, el Conurbano, la zona sur, centro y norte de la Provincia.<br> Al analizar la canasta por rubros, encontramos que en promedio las zapatillas deportivas escolares fueron el producto que m\u00e1s aument\u00f3, con un incremento del 63%, seguida por los \u00fatiles, con una suba del 59%, y la indumentaria escolar, con una variaci\u00f3n del 34,55%.<\/p>\n\n\n\n<p> Entre los \u00fatiles, los productos con mayor diferencia respecto al a\u00f1o pasado fueron el repuesto de hojas blancas N\u00b05 (+123,83%), la goma para l\u00e1piz (+104,95%), la cinta adhesiva (+101,27%), las hojas N\u00b05 de color (+96,18%), las fibras y el block A4 de 80 hojas (+87%).<\/p>\n\n\n\n<p> Adem\u00e1s, la Defensor\u00eda calcul\u00f3 cu\u00e1nto le cuesta a una familia con dos hijos armar una mochila con algunos productos b\u00e1sicos y econ\u00f3micos, adem\u00e1s de los guardapolvos y zapatillas, y arroj\u00f3 que este combo sale en total 5.324,70 pesos, contra los 3.658 pesos que sal\u00eda el a\u00f1o pasado, lo que representa un aumento del 46%.<\/p>\n","protected":false},"excerpt":{"rendered":"<p>El organismo que conduce Guido Lorenzino hizo un relevamiento en toda la Provincia sobre la variaci\u00f3n de estos productos. Entre \u00fatiles y vestimenta, una familia tiene que gastar 5.439,45 pesos. La Defensor\u00eda del Pueblo bonaerense elabor\u00f3 un relevamiento que mostr\u00f3 que la canasta escolar aument\u00f3 un 56% respecto al a\u00f1o pasado, donde una familia tiene [&hellip;]<\/p>\n","protected":false},"author":4,"featured_media":47442,"comment_status":"open","ping_status":"closed","sticky":false,"template":"","format":"standard","meta":{"om_disable_all_campaigns":false,"_jetpack_memberships_contains_paid_content":false,"footnotes":""},"categories":[621],"tags":[],"class_list":["post-47441","post","type-post","status-publish","format-standard","has-post-thumbnail","hentry","category-regionales"],"aioseo_notices":[],"gutentor_comment":0,"jetpack_featured_media_url":"https:\/\/eldiariodesanpedro.com.ar\/sitio\/wp-content\/uploads\/2019\/02\/175791.jpg","jetpack_shortlink":"https:\/\/wp.me\/p6RhLt-clb","jetpack_sharing_enabled":true,"_links":{"self":[{"href":"https:\/\/eldiariodesanpedro.com.ar\/sitio\/wp-json\/wp\/v2\/posts\/47441","targetHints":{"allow":["GET"]}}],"collection":[{"href":"https:\/\/eldiariodesanpedro.com.ar\/sitio\/wp-json\/wp\/v2\/posts"}],"about":[{"href":"https:\/\/eldiariodesanpedro.com.ar\/sitio\/wp-json\/wp\/v2\/types\/post"}],"author":[{"embeddable":true,"href":"https:\/\/eldiariodesanpedro.com.ar\/sitio\/wp-json\/wp\/v2\/users\/4"}],"replies":[{"embeddable":true,"href":"https:\/\/eldiariodesanpedro.com.ar\/sitio\/wp-json\/wp\/v2\/comments?post=47441"}],"version-history":[{"count":1,"href":"https:\/\/eldiariodesanpedro.com.ar\/sitio\/wp-json\/wp\/v2\/posts\/47441\/revisions"}],"predecessor-version":[{"id":47443,"href":"https:\/\/eldiariodesanpedro.com.ar\/sitio\/wp-json\/wp\/v2\/posts\/47441\/revisions\/47443"}],"wp:featuredmedia":[{"embeddable":true,"href":"https:\/\/eldiariodesanpedro.com.ar\/sitio\/wp-json\/wp\/v2\/media\/47442"}],"wp:attachment":[{"href":"https:\/\/eldiariodesanpedro.com.ar\/sitio\/wp-json\/wp\/v2\/media?parent=47441"}],"wp:term":[{"taxonomy":"category","embeddable":true,"href":"https:\/\/eldiariodesanpedro.com.ar\/sitio\/wp-json\/wp\/v2\/categories?post=47441"},{"taxonomy":"post_tag","embeddable":true,"href":"https:\/\/eldiariodesanpedro.com.ar\/sitio\/wp-json\/wp\/v2\/tags?post=47441"}],"curies":[{"name":"wp","href":"https:\/\/api.w.org\/{rel}","templated":true}]}}