{"id":47435,"date":"2019-02-12T19:00:38","date_gmt":"2019-02-12T22:00:38","guid":{"rendered":"https:\/\/eldiariodesanpedro.com.ar\/sitio\/?p=47435"},"modified":"2019-02-12T19:00:47","modified_gmt":"2019-02-12T22:00:47","slug":"zarate-una-familia-de-gualeguaychu-choco-en-zarate-y-les-robaron-todo","status":"publish","type":"post","link":"https:\/\/eldiariodesanpedro.com.ar\/sitio\/zarate-una-familia-de-gualeguaychu-choco-en-zarate-y-les-robaron-todo\/","title":{"rendered":"Z\u00c1RATE: Una familia de Gualeguaych\u00fa choc\u00f3 en Z\u00e1rate y les robaron todo"},"content":{"rendered":"<!-- VideographyWP Plugin Message: Automatic video embedding prevented by plugin options. -->\n\n<p>Verguenza local: Despu\u00e9s de haber impactado y haber sido trasladados hacia el Hospital Virgen del Carmen, los ocupantes del veh\u00edculo comprobaron que les hab\u00edan robado los bolsos y las pertenencias que quedaron dentro del auto. Una funcionaria municipal estar\u00eda implicada en el siniestro.<\/p>\n\n\n\n<p>Cuatro personas que viajaban en un autom\u00f3vil desde Gualeguaych\u00fa, fueron impactados por la parte trasera por otro veh\u00edculo a la altura de Z\u00e1rate. Una de las ocupantes del rodado siniestrado, Silvia Chiama, cont\u00f3 en RADIO MAXIMA que ella y un menor de edad fueron internados y que adem\u00e1s les robaron pertenencias del auto.<\/p>\n\n\n\n<p>Chiama relat\u00f3 que se desplazaba en&nbsp;un autom\u00f3vil rumbo a Lomas de Zamora \u201cjunto a dos familiares su hijo menor de edad. A las 5,30 de la ma\u00f1ana, a la altura de la rotonda de Z\u00e1rate, fuimos impactados por la parte trasera. En el veh\u00edculo que nos choc\u00f3 viajaba una pareja, y la mujer supuestamente es la Jefa de Transito de la Municipalidad de Z\u00e1rate. Los dos estaban alcoholizados. Yo y el ni\u00f1o que ven\u00edamos en la parte trasera quedamos atrapados y tardaron un poco para sacarnos del interior\u201d.<\/p>\n\n\n\n<p>La mujer explic\u00f3 que \u201clos primeros que nos socorrieron fueron los que viajaban en un micro que transitaba delante nuestro y poco despu\u00e9s lleg\u00f3 la ambulancia y nos llevaron al Hospital de Z\u00e1rate donde nos atendieron muy bien. Yo recib\u00ed el alta y anoche me trasladaron hasta Gualeguaych\u00fa pero el nene a\u00fan est\u00e1 internado en Z\u00e1rate y esperamos que hoy ya pueda estar en nuestra ciudad. Ambos recibimos m\u00faltiples golpes pero afortunadamente la podemos contar\u201d.<\/p>\n\n\n\n<p>La se\u00f1ora Chiama manifest\u00f3 que \u201cdespu\u00e9s del hecho, mi sobrino que era el que conduc\u00eda el coche en el que viaj\u00e1bamos comprob\u00f3 que nos hab\u00edan robado los bolsos y dinero en efectivo que llev\u00e1bamos, que a consecuencia del impacto quedaron esparcidos en la ruta. Despu\u00e9s la Polic\u00eda hizo el control de alcoholemia a los conductores y en el caso de los dos que nos chocaron les dio positivo\u201d.<\/p>\n\n\n\n<p>Fuente: Zarate Alerta<\/p>\n","protected":false},"excerpt":{"rendered":"<p>Verguenza local: Despu\u00e9s de haber impactado y haber sido trasladados hacia el Hospital Virgen del Carmen, los ocupantes del veh\u00edculo comprobaron que les hab\u00edan robado los bolsos y las pertenencias que quedaron dentro del auto. Una funcionaria municipal estar\u00eda implicada en el siniestro. Cuatro personas que viajaban en un autom\u00f3vil desde Gualeguaych\u00fa, fueron impactados por [&hellip;]<\/p>\n","protected":false},"author":4,"featured_media":47436,"comment_status":"open","ping_status":"closed","sticky":false,"template":"","format":"standard","meta":{"om_disable_all_campaigns":false,"_jetpack_memberships_contains_paid_content":false,"footnotes":""},"categories":[621],"tags":[],"class_list":["post-47435","post","type-post","status-publish","format-standard","has-post-thumbnail","hentry","category-regionales"],"aioseo_notices":[],"gutentor_comment":0,"jetpack_featured_media_url":"https:\/\/eldiariodesanpedro.com.ar\/sitio\/wp-content\/uploads\/2019\/02\/sin_titulo_161.jpg","jetpack_shortlink":"https:\/\/wp.me\/p6RhLt-cl5","jetpack_sharing_enabled":true,"_links":{"self":[{"href":"https:\/\/eldiariodesanpedro.com.ar\/sitio\/wp-json\/wp\/v2\/posts\/47435","targetHints":{"allow":["GET"]}}],"collection":[{"href":"https:\/\/eldiariodesanpedro.com.ar\/sitio\/wp-json\/wp\/v2\/posts"}],"about":[{"href":"https:\/\/eldiariodesanpedro.com.ar\/sitio\/wp-json\/wp\/v2\/types\/post"}],"author":[{"embeddable":true,"href":"https:\/\/eldiariodesanpedro.com.ar\/sitio\/wp-json\/wp\/v2\/users\/4"}],"replies":[{"embeddable":true,"href":"https:\/\/eldiariodesanpedro.com.ar\/sitio\/wp-json\/wp\/v2\/comments?post=47435"}],"version-history":[{"count":1,"href":"https:\/\/eldiariodesanpedro.com.ar\/sitio\/wp-json\/wp\/v2\/posts\/47435\/revisions"}],"predecessor-version":[{"id":47437,"href":"https:\/\/eldiariodesanpedro.com.ar\/sitio\/wp-json\/wp\/v2\/posts\/47435\/revisions\/47437"}],"wp:featuredmedia":[{"embeddable":true,"href":"https:\/\/eldiariodesanpedro.com.ar\/sitio\/wp-json\/wp\/v2\/media\/47436"}],"wp:attachment":[{"href":"https:\/\/eldiariodesanpedro.com.ar\/sitio\/wp-json\/wp\/v2\/media?parent=47435"}],"wp:term":[{"taxonomy":"category","embeddable":true,"href":"https:\/\/eldiariodesanpedro.com.ar\/sitio\/wp-json\/wp\/v2\/categories?post=47435"},{"taxonomy":"post_tag","embeddable":true,"href":"https:\/\/eldiariodesanpedro.com.ar\/sitio\/wp-json\/wp\/v2\/tags?post=47435"}],"curies":[{"name":"wp","href":"https:\/\/api.w.org\/{rel}","templated":true}]}}