{"id":47433,"date":"2019-02-12T18:58:25","date_gmt":"2019-02-12T21:58:25","guid":{"rendered":"https:\/\/eldiariodesanpedro.com.ar\/sitio\/?p=47433"},"modified":"2019-02-12T18:58:30","modified_gmt":"2019-02-12T21:58:30","slug":"baradero-fallecio-su-hijo-en-el-rio-de-baradero-enviaron-el-cuerpo-pero-el-cajon-estaba-sellado","status":"publish","type":"post","link":"https:\/\/eldiariodesanpedro.com.ar\/sitio\/baradero-fallecio-su-hijo-en-el-rio-de-baradero-enviaron-el-cuerpo-pero-el-cajon-estaba-sellado\/","title":{"rendered":"BARADERO: Falleci\u00f3 su hijo en el r\u00edo de Baradero, enviaron el cuerpo pero el caj\u00f3n estaba sellado"},"content":{"rendered":"<!-- VideographyWP Plugin Message: Automatic video embedding prevented by plugin options. -->\n\n<p>La familia de Pedro Pati\u00f1o trat\u00f3 durante todo el d\u00eda de conseguir la autorizaci\u00f3n para reconocer su cuerpo.<\/p>\n\n\n\n<p> El jueves, Bomberos y Polic\u00eda de Baradero encontraron en el R\u00edo Baradero el cuerpo de Pedro Hern\u00e1n Pati\u00f1o un joven de 15 a\u00f1os cuya familia es de Chacabuco. Hoy, su cuerpo lleg\u00f3 al cementerio local para inhumar sus restos.<\/p>\n\n\n\n<p> La familia se sorprendi\u00f3 al ver que el ata\u00fad estaba soldado y que no pod\u00edan ver ni reconocer el cuerpo. \u201cNo sabemos si el que est\u00e1 ah\u00ed es mi hijo\u201d, dijo su madre.<\/p>\n\n\n\n<p> \u201cAyer me avisaron que ten\u00eda que ir de urgencia al hospital y cuando llegu\u00e9, me enter\u00e9 que el nene estaba muerto\u201d, comenz\u00f3 contando.<\/p>\n\n\n\n<p> \u201cPedro estaba en el instituto APAND desde hace un mes. Supuestamente el lunes se escap\u00f3 cuando estaban haciendo una excursi\u00f3n en el r\u00edo y hoy lo encontraron muerto. Me enter\u00e9 as\u00ed, secamente. Todo lo que pas\u00f3 en Baradero y el traslado del cuerpo hac\u00eda Chacabuco fue sin conocimiento nuestro\u201d, denunci\u00f3.<\/p>\n\n\n\n<p> La \u00fanica comunicaci\u00f3n que recibi\u00f3 la familia fue este acta que estaba arriba del ata\u00fad.<\/p>\n\n\n\n<p>Celeste, la t\u00eda del joven dijo que \u201clo \u00fanico que nosotros queremos es reconocer el cuerpo. Lleg\u00f3 el caj\u00f3n cerrado y no sabemos que hay adentro. Nadie del instituto tom\u00f3 contacto con nosotros\u201d.<\/p>\n\n\n\n<p>\u201cNos avisaron del cementerio que el caj\u00f3n estaba ac\u00e1 hac\u00eda 2 horas. Nos sabemos nada, ni siquiera quien lo trajo. Pudimos abrir la tapa del caj\u00f3n, pero adentro est\u00e1 soldado y no se puede ver nada\u201d, explic\u00f3.<\/p>\n\n\n\n<p>La familia no s\u00f3lo duda del cuerpo que est\u00e1 en el interior del ata\u00fad, sino que no se explica por qu\u00e9, si el chico se perdi\u00f3 el lunes, reci\u00e9n le avisaron a la familia el jueves cuando les dijeron que estaba muerto.<\/p>\n\n\n\n<p> Durante toda la tarde intentaron, sin \u00e9xito, que la fiscal\u00eda de Baradero autorice a la apertura del ata\u00fad para poder ver a su hijo, cosa que no pudieron hacer hasta el momento.<\/p>\n\n\n\n<p>El secretario de Control de Gesti\u00f3n, Maximiliano Felice, estuvo en el Cementerio con la familia intentando gestionar esa autorizaci\u00f3n, pero hasta las 21 de esta noche no hab\u00edan podido hacerlo.<\/p>\n\n\n\n<p> Ahora deber\u00e1n esperar hasta el lunes para volver a insistir con el pedido. Es realmente una locura que la familia de Pedro Pati\u00f1o no haya podido reconocer el cuerpo y que el caj\u00f3n haya llegado soldado, imposible de abrir.<br> <\/p>\n\n\n\n<p>Fuente: Diario Junin<\/p>\n","protected":false},"excerpt":{"rendered":"<p>La familia de Pedro Pati\u00f1o trat\u00f3 durante todo el d\u00eda de conseguir la autorizaci\u00f3n para reconocer su cuerpo. El jueves, Bomberos y Polic\u00eda de Baradero encontraron en el R\u00edo Baradero el cuerpo de Pedro Hern\u00e1n Pati\u00f1o un joven de 15 a\u00f1os cuya familia es de Chacabuco. Hoy, su cuerpo lleg\u00f3 al cementerio local para inhumar [&hellip;]<\/p>\n","protected":false},"author":4,"featured_media":47281,"comment_status":"open","ping_status":"closed","sticky":false,"template":"","format":"standard","meta":{"om_disable_all_campaigns":false,"_jetpack_memberships_contains_paid_content":false,"footnotes":""},"categories":[621],"tags":[],"class_list":["post-47433","post","type-post","status-publish","format-standard","has-post-thumbnail","hentry","category-regionales"],"aioseo_notices":[],"gutentor_comment":0,"jetpack_featured_media_url":"https:\/\/eldiariodesanpedro.com.ar\/sitio\/wp-content\/uploads\/2019\/02\/51592129_2199902343405299_3869958721324974080_n-3-1.jpg","jetpack_shortlink":"https:\/\/wp.me\/p6RhLt-cl3","jetpack_sharing_enabled":true,"_links":{"self":[{"href":"https:\/\/eldiariodesanpedro.com.ar\/sitio\/wp-json\/wp\/v2\/posts\/47433","targetHints":{"allow":["GET"]}}],"collection":[{"href":"https:\/\/eldiariodesanpedro.com.ar\/sitio\/wp-json\/wp\/v2\/posts"}],"about":[{"href":"https:\/\/eldiariodesanpedro.com.ar\/sitio\/wp-json\/wp\/v2\/types\/post"}],"author":[{"embeddable":true,"href":"https:\/\/eldiariodesanpedro.com.ar\/sitio\/wp-json\/wp\/v2\/users\/4"}],"replies":[{"embeddable":true,"href":"https:\/\/eldiariodesanpedro.com.ar\/sitio\/wp-json\/wp\/v2\/comments?post=47433"}],"version-history":[{"count":1,"href":"https:\/\/eldiariodesanpedro.com.ar\/sitio\/wp-json\/wp\/v2\/posts\/47433\/revisions"}],"predecessor-version":[{"id":47434,"href":"https:\/\/eldiariodesanpedro.com.ar\/sitio\/wp-json\/wp\/v2\/posts\/47433\/revisions\/47434"}],"wp:featuredmedia":[{"embeddable":true,"href":"https:\/\/eldiariodesanpedro.com.ar\/sitio\/wp-json\/wp\/v2\/media\/47281"}],"wp:attachment":[{"href":"https:\/\/eldiariodesanpedro.com.ar\/sitio\/wp-json\/wp\/v2\/media?parent=47433"}],"wp:term":[{"taxonomy":"category","embeddable":true,"href":"https:\/\/eldiariodesanpedro.com.ar\/sitio\/wp-json\/wp\/v2\/categories?post=47433"},{"taxonomy":"post_tag","embeddable":true,"href":"https:\/\/eldiariodesanpedro.com.ar\/sitio\/wp-json\/wp\/v2\/tags?post=47433"}],"curies":[{"name":"wp","href":"https:\/\/api.w.org\/{rel}","templated":true}]}}