{"id":47429,"date":"2019-02-12T10:40:47","date_gmt":"2019-02-12T13:40:47","guid":{"rendered":"https:\/\/eldiariodesanpedro.com.ar\/sitio\/?p=47429"},"modified":"2019-02-12T10:41:40","modified_gmt":"2019-02-12T13:41:40","slug":"el-hospital-privado-sadiv-habilito-su-sector-de-laboratorios","status":"publish","type":"post","link":"https:\/\/eldiariodesanpedro.com.ar\/sitio\/el-hospital-privado-sadiv-habilito-su-sector-de-laboratorios\/","title":{"rendered":"El Hospital privado Sadiv habilit\u00f3 su sector de laboratorios"},"content":{"rendered":"<!-- VideographyWP Plugin Message: Automatic video embedding prevented by plugin options. -->\n\n<p>\n\nCon la apertura del \u00e1rea el proyecto puso en marcha su primera etapa. El siguiente paso es el de poder habilitar el sector de im\u00e1genes.\n\n<\/p>\n\n\n\n<p>Desde hace unos a\u00f1os Sadiv puso en marcha un ambicioso proyecto que era el de construir un establecimiento modelo para toda la regi\u00f3n. El mismo es una realidad ya que desde la semana anterior est\u00e1 habilitado el sector de laboratorio.<\/p>\n\n\n\n<p>El Hospital privado&nbsp;ofrecer\u00e1 los mejores servicios, \u00fanicos en la regi\u00f3n, y de a poco se ir\u00e1n habilitando todos los sectores que a la vez contar\u00e1n con la atenci\u00f3n de prestigiosos profesionales.<\/p>\n\n\n\n<p>\u201cArrancamos con servicios diferenciales para la ciudad y la regi\u00f3n\u201d, dijo el Dr. Gast\u00f3n Vitale, director medico&nbsp;del Hospital privado, a FM G\u00e9nesis. \u201cEl objetivo era el de arrancar con el laboratorio\u201d.<\/p>\n\n\n\n<p>\u201cLuego vamos a habilitar la etapa de diagn\u00f3stico por im\u00e1genes, el cual incluye im\u00e1genes de mamograf\u00eda, ecograf\u00eda, densitometr\u00eda, rayos, tomograf\u00edas, multicorte, resonancia cerradas, resonancia magn\u00e9tica nuclear de alto campo y medicina nuclear. Tambi\u00e9n habilitaremos 13 poli consultorios, todo en el mes de marzo\u201d.<\/p>\n\n\n\n<p>\u201cMientras que para fin de a\u00f1o esperamos habilitar&nbsp;la parte de internaci\u00f3n\u201d, destac\u00f3 Vitale. \u201cEl objetivo es llegar a fin de a\u00f1o con todo el hospital habilitado\u201d.<\/p>\n\n\n\n<p>Por su parte, el Dr. Fabi\u00e1n Rodr\u00edguez, responsable del laboratorio, expres\u00f3 al respecto: \u201cEs una gran responsabilidad estar a cargo de este servicio porque la gente tiene una gran expectativa\u201d.<\/p>\n\n\n\n<p>\u201cTenemos la suerte de tener equipamientos de primera l\u00ednea y ofrecer otro tipo de prestaciones a los pacientes, por ejemplo, an\u00e1lisis que se enviaban a Buenos Aires ahora los podemos hacer ac\u00e1\u201d, cont\u00f3. \u201cEso permite una mejor atenci\u00f3n\u201d.<\/p>\n\n\n\n<p>Fuente: San Pedro Informa<\/p>\n","protected":false},"excerpt":{"rendered":"<p>Con la apertura del \u00e1rea el proyecto puso en marcha su primera etapa. El siguiente paso es el de poder habilitar el sector de im\u00e1genes. Desde hace unos a\u00f1os Sadiv puso en marcha un ambicioso proyecto que era el de construir un establecimiento modelo para toda la regi\u00f3n. El mismo es una realidad ya que [&hellip;]<\/p>\n","protected":false},"author":4,"featured_media":47431,"comment_status":"open","ping_status":"closed","sticky":false,"template":"","format":"standard","meta":{"om_disable_all_campaigns":false,"_jetpack_memberships_contains_paid_content":false,"footnotes":""},"categories":[101,2],"tags":[],"class_list":["post-47429","post","type-post","status-publish","format-standard","has-post-thumbnail","hentry","category-interes-general-locales","category-locales"],"aioseo_notices":[],"gutentor_comment":0,"jetpack_featured_media_url":"https:\/\/eldiariodesanpedro.com.ar\/sitio\/wp-content\/uploads\/2019\/02\/20190131_112807-e1549978812694.jpg","jetpack_shortlink":"https:\/\/wp.me\/p6RhLt-ckZ","jetpack_sharing_enabled":true,"_links":{"self":[{"href":"https:\/\/eldiariodesanpedro.com.ar\/sitio\/wp-json\/wp\/v2\/posts\/47429","targetHints":{"allow":["GET"]}}],"collection":[{"href":"https:\/\/eldiariodesanpedro.com.ar\/sitio\/wp-json\/wp\/v2\/posts"}],"about":[{"href":"https:\/\/eldiariodesanpedro.com.ar\/sitio\/wp-json\/wp\/v2\/types\/post"}],"author":[{"embeddable":true,"href":"https:\/\/eldiariodesanpedro.com.ar\/sitio\/wp-json\/wp\/v2\/users\/4"}],"replies":[{"embeddable":true,"href":"https:\/\/eldiariodesanpedro.com.ar\/sitio\/wp-json\/wp\/v2\/comments?post=47429"}],"version-history":[{"count":1,"href":"https:\/\/eldiariodesanpedro.com.ar\/sitio\/wp-json\/wp\/v2\/posts\/47429\/revisions"}],"predecessor-version":[{"id":47432,"href":"https:\/\/eldiariodesanpedro.com.ar\/sitio\/wp-json\/wp\/v2\/posts\/47429\/revisions\/47432"}],"wp:featuredmedia":[{"embeddable":true,"href":"https:\/\/eldiariodesanpedro.com.ar\/sitio\/wp-json\/wp\/v2\/media\/47431"}],"wp:attachment":[{"href":"https:\/\/eldiariodesanpedro.com.ar\/sitio\/wp-json\/wp\/v2\/media?parent=47429"}],"wp:term":[{"taxonomy":"category","embeddable":true,"href":"https:\/\/eldiariodesanpedro.com.ar\/sitio\/wp-json\/wp\/v2\/categories?post=47429"},{"taxonomy":"post_tag","embeddable":true,"href":"https:\/\/eldiariodesanpedro.com.ar\/sitio\/wp-json\/wp\/v2\/tags?post=47429"}],"curies":[{"name":"wp","href":"https:\/\/api.w.org\/{rel}","templated":true}]}}