{"id":47426,"date":"2019-02-12T10:37:33","date_gmt":"2019-02-12T13:37:33","guid":{"rendered":"https:\/\/eldiariodesanpedro.com.ar\/sitio\/?p=47426"},"modified":"2019-02-12T10:37:53","modified_gmt":"2019-02-12T13:37:53","slug":"el-comisario-pildain-es-el-nuevo-jefe-del-cpr","status":"publish","type":"post","link":"https:\/\/eldiariodesanpedro.com.ar\/sitio\/el-comisario-pildain-es-el-nuevo-jefe-del-cpr\/","title":{"rendered":"El Comisario Pildain es el nuevo jefe del CPR"},"content":{"rendered":"<!-- VideographyWP Plugin Message: Automatic video embedding prevented by plugin options. -->\n\n<p>El flamante titular de la polic\u00eda rural proviene de la ciudad de Col\u00f3n. Fue puesto en funciones este lunes. <\/p>\n\n\n\n<p>A los cambios anunciados durante los \u00faltimos d\u00edas en las distintas fuerzas que componen la polic\u00eda bonaerense de la regi\u00f3n, se sum\u00f3 el del\u00a0Comando de Prevenci\u00f3n Rural San Pedro, que desde la tarde del lunes cuenta con nuevo jefe.\u00a0<\/p>\n\n\n\n<p>El Comisario Alejandro Pildain, es el nuevo titular del \u00e1rea en lugar del Oficial Principal Daniel Corsa quien pasar\u00e1 a cumplir funciones en otro dependencia de la regi\u00f3n.&nbsp;<\/p>\n\n\n\n<p>El flamante jefe del CPR es oriundo de Arrecifes y viene de cumplir funciones en la ciudad de Col\u00f3n, lugar en el que se desempe\u00f1\u00f3 durante los \u00faltimos a\u00f1os.<\/p>\n\n\n\n<p>Fuente: San Pedro Informa<\/p>\n","protected":false},"excerpt":{"rendered":"<p>El flamante titular de la polic\u00eda rural proviene de la ciudad de Col\u00f3n. Fue puesto en funciones este lunes. A los cambios anunciados durante los \u00faltimos d\u00edas en las distintas fuerzas que componen la polic\u00eda bonaerense de la regi\u00f3n, se sum\u00f3 el del\u00a0Comando de Prevenci\u00f3n Rural San Pedro, que desde la tarde del lunes cuenta [&hellip;]<\/p>\n","protected":false},"author":4,"featured_media":47427,"comment_status":"open","ping_status":"closed","sticky":false,"template":"","format":"standard","meta":{"om_disable_all_campaigns":false,"_jetpack_memberships_contains_paid_content":false,"footnotes":""},"categories":[2,103],"tags":[],"class_list":["post-47426","post","type-post","status-publish","format-standard","has-post-thumbnail","hentry","category-locales","category-policiales-locales"],"aioseo_notices":[],"gutentor_comment":0,"jetpack_featured_media_url":"https:\/\/eldiariodesanpedro.com.ar\/sitio\/wp-content\/uploads\/2019\/02\/000075497.jpg","jetpack_shortlink":"https:\/\/wp.me\/p6RhLt-ckW","jetpack_sharing_enabled":true,"_links":{"self":[{"href":"https:\/\/eldiariodesanpedro.com.ar\/sitio\/wp-json\/wp\/v2\/posts\/47426","targetHints":{"allow":["GET"]}}],"collection":[{"href":"https:\/\/eldiariodesanpedro.com.ar\/sitio\/wp-json\/wp\/v2\/posts"}],"about":[{"href":"https:\/\/eldiariodesanpedro.com.ar\/sitio\/wp-json\/wp\/v2\/types\/post"}],"author":[{"embeddable":true,"href":"https:\/\/eldiariodesanpedro.com.ar\/sitio\/wp-json\/wp\/v2\/users\/4"}],"replies":[{"embeddable":true,"href":"https:\/\/eldiariodesanpedro.com.ar\/sitio\/wp-json\/wp\/v2\/comments?post=47426"}],"version-history":[{"count":1,"href":"https:\/\/eldiariodesanpedro.com.ar\/sitio\/wp-json\/wp\/v2\/posts\/47426\/revisions"}],"predecessor-version":[{"id":47428,"href":"https:\/\/eldiariodesanpedro.com.ar\/sitio\/wp-json\/wp\/v2\/posts\/47426\/revisions\/47428"}],"wp:featuredmedia":[{"embeddable":true,"href":"https:\/\/eldiariodesanpedro.com.ar\/sitio\/wp-json\/wp\/v2\/media\/47427"}],"wp:attachment":[{"href":"https:\/\/eldiariodesanpedro.com.ar\/sitio\/wp-json\/wp\/v2\/media?parent=47426"}],"wp:term":[{"taxonomy":"category","embeddable":true,"href":"https:\/\/eldiariodesanpedro.com.ar\/sitio\/wp-json\/wp\/v2\/categories?post=47426"},{"taxonomy":"post_tag","embeddable":true,"href":"https:\/\/eldiariodesanpedro.com.ar\/sitio\/wp-json\/wp\/v2\/tags?post=47426"}],"curies":[{"name":"wp","href":"https:\/\/api.w.org\/{rel}","templated":true}]}}