{"id":47424,"date":"2019-02-12T10:35:27","date_gmt":"2019-02-12T13:35:27","guid":{"rendered":"https:\/\/eldiariodesanpedro.com.ar\/sitio\/?p=47424"},"modified":"2019-02-12T10:35:33","modified_gmt":"2019-02-12T13:35:33","slug":"delincuentes-sustraen-dinero-en-efectivo-en-un-comercio","status":"publish","type":"post","link":"https:\/\/eldiariodesanpedro.com.ar\/sitio\/delincuentes-sustraen-dinero-en-efectivo-en-un-comercio\/","title":{"rendered":"Delincuentes sustraen dinero en efectivo en un comercio"},"content":{"rendered":"<!-- VideographyWP Plugin Message: Automatic video embedding prevented by plugin options. -->\n\n<p>Este martes a la tarde se recibi\u00f3 la denuncia de una mujer  de 49 a\u00f1os en la comisar\u00eda local por un hecho de robo. <\/p>\n\n\n\n<p>La v\u00edctima declar\u00f3 que alrededor de las 08:30 hs cuando llega al comercio de calle Ayacucho al 700, constatando que ignorados tras violentar \u00a0aberturas traseras \u00a0ingresan y sustraen dinero en efectivo. <\/p>\n\n\n\n<p>Investiga el hecho la fiscal\u00eda en turno de San Pedro. <\/p>\n","protected":false},"excerpt":{"rendered":"<p>Este martes a la tarde se recibi\u00f3 la denuncia de una mujer de 49 a\u00f1os en la comisar\u00eda local por un hecho de robo. La v\u00edctima declar\u00f3 que alrededor de las 08:30 hs cuando llega al comercio de calle Ayacucho al 700, constatando que ignorados tras violentar \u00a0aberturas traseras \u00a0ingresan y sustraen dinero en efectivo. [&hellip;]<\/p>\n","protected":false},"author":4,"featured_media":23313,"comment_status":"open","ping_status":"closed","sticky":false,"template":"","format":"standard","meta":{"om_disable_all_campaigns":false,"_jetpack_memberships_contains_paid_content":false,"footnotes":""},"categories":[2,103],"tags":[],"class_list":["post-47424","post","type-post","status-publish","format-standard","has-post-thumbnail","hentry","category-locales","category-policiales-locales"],"aioseo_notices":[],"gutentor_comment":0,"jetpack_featured_media_url":"https:\/\/eldiariodesanpedro.com.ar\/sitio\/wp-content\/uploads\/2017\/09\/patrulla-nocturna.jpg","jetpack_shortlink":"https:\/\/wp.me\/p6RhLt-ckU","jetpack_sharing_enabled":true,"_links":{"self":[{"href":"https:\/\/eldiariodesanpedro.com.ar\/sitio\/wp-json\/wp\/v2\/posts\/47424","targetHints":{"allow":["GET"]}}],"collection":[{"href":"https:\/\/eldiariodesanpedro.com.ar\/sitio\/wp-json\/wp\/v2\/posts"}],"about":[{"href":"https:\/\/eldiariodesanpedro.com.ar\/sitio\/wp-json\/wp\/v2\/types\/post"}],"author":[{"embeddable":true,"href":"https:\/\/eldiariodesanpedro.com.ar\/sitio\/wp-json\/wp\/v2\/users\/4"}],"replies":[{"embeddable":true,"href":"https:\/\/eldiariodesanpedro.com.ar\/sitio\/wp-json\/wp\/v2\/comments?post=47424"}],"version-history":[{"count":1,"href":"https:\/\/eldiariodesanpedro.com.ar\/sitio\/wp-json\/wp\/v2\/posts\/47424\/revisions"}],"predecessor-version":[{"id":47425,"href":"https:\/\/eldiariodesanpedro.com.ar\/sitio\/wp-json\/wp\/v2\/posts\/47424\/revisions\/47425"}],"wp:featuredmedia":[{"embeddable":true,"href":"https:\/\/eldiariodesanpedro.com.ar\/sitio\/wp-json\/wp\/v2\/media\/23313"}],"wp:attachment":[{"href":"https:\/\/eldiariodesanpedro.com.ar\/sitio\/wp-json\/wp\/v2\/media?parent=47424"}],"wp:term":[{"taxonomy":"category","embeddable":true,"href":"https:\/\/eldiariodesanpedro.com.ar\/sitio\/wp-json\/wp\/v2\/categories?post=47424"},{"taxonomy":"post_tag","embeddable":true,"href":"https:\/\/eldiariodesanpedro.com.ar\/sitio\/wp-json\/wp\/v2\/tags?post=47424"}],"curies":[{"name":"wp","href":"https:\/\/api.w.org\/{rel}","templated":true}]}}