{"id":47422,"date":"2019-02-12T10:24:31","date_gmt":"2019-02-12T13:24:31","guid":{"rendered":"https:\/\/eldiariodesanpedro.com.ar\/sitio\/?p=47422"},"modified":"2019-02-12T10:24:37","modified_gmt":"2019-02-12T13:24:37","slug":"dos-motocicletas-colisionaron-y-una-se-dio-a-la-fuga","status":"publish","type":"post","link":"https:\/\/eldiariodesanpedro.com.ar\/sitio\/dos-motocicletas-colisionaron-y-una-se-dio-a-la-fuga\/","title":{"rendered":"Dos motocicletas colisionaron y una se di\u00f3 a  la fuga"},"content":{"rendered":"<!-- VideographyWP Plugin Message: Automatic video embedding prevented by plugin options. -->\n\n<p>Este martes en horas de la tarde el personal policil de la comisaria de nuestra ciudad se constituy\u00f3 en Brennan y Manuela Iglesias por un accidente de transito.<\/p>\n\n\n\n<p>Donde por razones que se tratan de establecer una motocicleta 110 cc,\u00a0conducida por masculino de 20 a\u00f1os que result\u00f3 lesionado con traumatismos leves trasladado al nosocomio local por el SAME. <\/p>\n\n\n\n<p>El mismo habr\u00eda sido colisionado por otra moto que ya hab\u00eda sido retirada del lugar, sin lograr identificar a su conductor.<\/p>\n\n\n\n<p>El personal policial de cient\u00edfica San Nicol\u00e1s realiz\u00f3 pericias su especialidad.<\/p>\n","protected":false},"excerpt":{"rendered":"<p>Este martes en horas de la tarde el personal policil de la comisaria de nuestra ciudad se constituy\u00f3 en Brennan y Manuela Iglesias por un accidente de transito. Donde por razones que se tratan de establecer una motocicleta 110 cc,\u00a0conducida por masculino de 20 a\u00f1os que result\u00f3 lesionado con traumatismos leves trasladado al nosocomio local [&hellip;]<\/p>\n","protected":false},"author":4,"featured_media":16975,"comment_status":"open","ping_status":"closed","sticky":false,"template":"","format":"standard","meta":{"om_disable_all_campaigns":false,"_jetpack_memberships_contains_paid_content":false,"footnotes":""},"categories":[2,103],"tags":[],"class_list":["post-47422","post","type-post","status-publish","format-standard","has-post-thumbnail","hentry","category-locales","category-policiales-locales"],"aioseo_notices":[],"gutentor_comment":0,"jetpack_featured_media_url":"https:\/\/eldiariodesanpedro.com.ar\/sitio\/wp-content\/uploads\/2017\/04\/DSC_0001-e1496698354685.jpg","jetpack_shortlink":"https:\/\/wp.me\/p6RhLt-ckS","jetpack_sharing_enabled":true,"_links":{"self":[{"href":"https:\/\/eldiariodesanpedro.com.ar\/sitio\/wp-json\/wp\/v2\/posts\/47422","targetHints":{"allow":["GET"]}}],"collection":[{"href":"https:\/\/eldiariodesanpedro.com.ar\/sitio\/wp-json\/wp\/v2\/posts"}],"about":[{"href":"https:\/\/eldiariodesanpedro.com.ar\/sitio\/wp-json\/wp\/v2\/types\/post"}],"author":[{"embeddable":true,"href":"https:\/\/eldiariodesanpedro.com.ar\/sitio\/wp-json\/wp\/v2\/users\/4"}],"replies":[{"embeddable":true,"href":"https:\/\/eldiariodesanpedro.com.ar\/sitio\/wp-json\/wp\/v2\/comments?post=47422"}],"version-history":[{"count":1,"href":"https:\/\/eldiariodesanpedro.com.ar\/sitio\/wp-json\/wp\/v2\/posts\/47422\/revisions"}],"predecessor-version":[{"id":47423,"href":"https:\/\/eldiariodesanpedro.com.ar\/sitio\/wp-json\/wp\/v2\/posts\/47422\/revisions\/47423"}],"wp:featuredmedia":[{"embeddable":true,"href":"https:\/\/eldiariodesanpedro.com.ar\/sitio\/wp-json\/wp\/v2\/media\/16975"}],"wp:attachment":[{"href":"https:\/\/eldiariodesanpedro.com.ar\/sitio\/wp-json\/wp\/v2\/media?parent=47422"}],"wp:term":[{"taxonomy":"category","embeddable":true,"href":"https:\/\/eldiariodesanpedro.com.ar\/sitio\/wp-json\/wp\/v2\/categories?post=47422"},{"taxonomy":"post_tag","embeddable":true,"href":"https:\/\/eldiariodesanpedro.com.ar\/sitio\/wp-json\/wp\/v2\/tags?post=47422"}],"curies":[{"name":"wp","href":"https:\/\/api.w.org\/{rel}","templated":true}]}}