{"id":47418,"date":"2019-02-12T10:20:28","date_gmt":"2019-02-12T13:20:28","guid":{"rendered":"https:\/\/eldiariodesanpedro.com.ar\/sitio\/?p=47418"},"modified":"2019-02-12T10:20:39","modified_gmt":"2019-02-12T13:20:39","slug":"tras-perseguir-un-delincuente-se-recupero-una-bicicleta-robada","status":"publish","type":"post","link":"https:\/\/eldiariodesanpedro.com.ar\/sitio\/tras-perseguir-un-delincuente-se-recupero-una-bicicleta-robada\/","title":{"rendered":"Tras perseguir un delincuente se recuper\u00f3 una bicicleta robada"},"content":{"rendered":"<!-- VideographyWP Plugin Message: Automatic video embedding prevented by plugin options. -->\n\n<p>En r\u00e1pido accionar de la polic\u00eda recuper\u00f3 una bicicleta que hab\u00eda sido robado en la v\u00eda p\u00fablica minutos antes.<\/p>\n\n\n\n<p>Este martes en horas de la noche una mujer de 54 a\u00f1os de edad que hab\u00eda dejado su bicicleta  fuera de un comercio ubicado en calle Ayacucho denunci\u00f3 a trav\u00e9s del 911 denunci\u00f3 que le fue sustra\u00edda por un delincuente.<\/p>\n\n\n\n<p>En un r\u00e1pido accionar de los efectivos policiales en calle Cruz Roja Argentina entre Balcarce y General Pueyrred\u00f3n logra secuestrar la bicicleta que fue abandona por el delincuente que logr\u00f3 huir.<\/p>\n\n\n\n<p>El rodado fue restituido a la mujer, prosiguiendo las averiguaciones tendientes a lograr la identificaci\u00f3n del caco con intervenci\u00f3n de la fiscal\u00eda en turno de San Pedro. <\/p>\n\n\n\n<div class=\"wp-block-image\"><figure class=\"aligncenter\"><img decoding=\"async\" width=\"780\" height=\"1040\" data-attachment-id=\"47420\" data-permalink=\"https:\/\/eldiariodesanpedro.com.ar\/sitio\/tras-perseguir-un-delincuente-se-recupero-una-bicicleta-robada\/whatsapp-image-2019-02-12-at-09-52-22\/\" data-orig-file=\"https:\/\/eldiariodesanpedro.com.ar\/sitio\/wp-content\/uploads\/2019\/02\/WhatsApp-Image-2019-02-12-at-09.52.22.jpeg\" data-orig-size=\"780,1040\" data-comments-opened=\"1\" data-image-meta=\"{&quot;aperture&quot;:&quot;0&quot;,&quot;credit&quot;:&quot;&quot;,&quot;camera&quot;:&quot;&quot;,&quot;caption&quot;:&quot;&quot;,&quot;created_timestamp&quot;:&quot;0&quot;,&quot;copyright&quot;:&quot;&quot;,&quot;focal_length&quot;:&quot;0&quot;,&quot;iso&quot;:&quot;0&quot;,&quot;shutter_speed&quot;:&quot;0&quot;,&quot;title&quot;:&quot;&quot;,&quot;orientation&quot;:&quot;0&quot;}\" data-image-title=\"WhatsApp Image 2019-02-12 at 09.52.22\" data-image-description=\"\" data-image-caption=\"\" data-large-file=\"https:\/\/eldiariodesanpedro.com.ar\/sitio\/wp-content\/uploads\/2019\/02\/WhatsApp-Image-2019-02-12-at-09.52.22-768x1024.jpeg\" data-src=\"https:\/\/i0.wp.com\/eldiariodesanpedro.com.ar\/sitio\/wp-content\/uploads\/2019\/02\/WhatsApp-Image-2019-02-12-at-09.52.22.jpeg?fit=660%2C880\" alt=\"\" class=\"wp-image-47420 lazyload\" data-srcset=\"https:\/\/eldiariodesanpedro.com.ar\/sitio\/wp-content\/uploads\/2019\/02\/WhatsApp-Image-2019-02-12-at-09.52.22.jpeg 780w, https:\/\/eldiariodesanpedro.com.ar\/sitio\/wp-content\/uploads\/2019\/02\/WhatsApp-Image-2019-02-12-at-09.52.22-225x300.jpeg 225w, https:\/\/eldiariodesanpedro.com.ar\/sitio\/wp-content\/uploads\/2019\/02\/WhatsApp-Image-2019-02-12-at-09.52.22-768x1024.jpeg 768w\" data-sizes=\"(max-width: 780px) 100vw, 780px\" src=\"data:image\/svg+xml;base64,PHN2ZyB3aWR0aD0iMSIgaGVpZ2h0PSIxIiB4bWxucz0iaHR0cDovL3d3dy53My5vcmcvMjAwMC9zdmciPjwvc3ZnPg==\" style=\"--smush-placeholder-width: 780px; --smush-placeholder-aspect-ratio: 780\/1040;\" \/><\/figure><\/div>\n","protected":false},"excerpt":{"rendered":"<p>En r\u00e1pido accionar de la polic\u00eda recuper\u00f3 una bicicleta que hab\u00eda sido robado en la v\u00eda p\u00fablica minutos antes. Este martes en horas de la noche una mujer de 54 a\u00f1os de edad que hab\u00eda dejado su bicicleta fuera de un comercio ubicado en calle Ayacucho denunci\u00f3 a trav\u00e9s del 911 denunci\u00f3 que le fue [&hellip;]<\/p>\n","protected":false},"author":4,"featured_media":47419,"comment_status":"open","ping_status":"closed","sticky":false,"template":"","format":"standard","meta":{"om_disable_all_campaigns":false,"_jetpack_memberships_contains_paid_content":false,"footnotes":""},"categories":[2,103],"tags":[],"class_list":["post-47418","post","type-post","status-publish","format-standard","has-post-thumbnail","hentry","category-locales","category-policiales-locales"],"aioseo_notices":[],"gutentor_comment":0,"jetpack_featured_media_url":"https:\/\/eldiariodesanpedro.com.ar\/sitio\/wp-content\/uploads\/2019\/02\/WhatsApp-Image-2019-02-12-at-09.52.22-copia.jpeg","jetpack_shortlink":"https:\/\/wp.me\/p6RhLt-ckO","jetpack_sharing_enabled":true,"_links":{"self":[{"href":"https:\/\/eldiariodesanpedro.com.ar\/sitio\/wp-json\/wp\/v2\/posts\/47418","targetHints":{"allow":["GET"]}}],"collection":[{"href":"https:\/\/eldiariodesanpedro.com.ar\/sitio\/wp-json\/wp\/v2\/posts"}],"about":[{"href":"https:\/\/eldiariodesanpedro.com.ar\/sitio\/wp-json\/wp\/v2\/types\/post"}],"author":[{"embeddable":true,"href":"https:\/\/eldiariodesanpedro.com.ar\/sitio\/wp-json\/wp\/v2\/users\/4"}],"replies":[{"embeddable":true,"href":"https:\/\/eldiariodesanpedro.com.ar\/sitio\/wp-json\/wp\/v2\/comments?post=47418"}],"version-history":[{"count":1,"href":"https:\/\/eldiariodesanpedro.com.ar\/sitio\/wp-json\/wp\/v2\/posts\/47418\/revisions"}],"predecessor-version":[{"id":47421,"href":"https:\/\/eldiariodesanpedro.com.ar\/sitio\/wp-json\/wp\/v2\/posts\/47418\/revisions\/47421"}],"wp:featuredmedia":[{"embeddable":true,"href":"https:\/\/eldiariodesanpedro.com.ar\/sitio\/wp-json\/wp\/v2\/media\/47419"}],"wp:attachment":[{"href":"https:\/\/eldiariodesanpedro.com.ar\/sitio\/wp-json\/wp\/v2\/media?parent=47418"}],"wp:term":[{"taxonomy":"category","embeddable":true,"href":"https:\/\/eldiariodesanpedro.com.ar\/sitio\/wp-json\/wp\/v2\/categories?post=47418"},{"taxonomy":"post_tag","embeddable":true,"href":"https:\/\/eldiariodesanpedro.com.ar\/sitio\/wp-json\/wp\/v2\/tags?post=47418"}],"curies":[{"name":"wp","href":"https:\/\/api.w.org\/{rel}","templated":true}]}}