{"id":47413,"date":"2019-02-12T09:59:11","date_gmt":"2019-02-12T12:59:11","guid":{"rendered":"https:\/\/eldiariodesanpedro.com.ar\/sitio\/?p=47413"},"modified":"2019-02-12T09:59:24","modified_gmt":"2019-02-12T12:59:24","slug":"se-secuestro-una-escopeta-en-allanamiento-2","status":"publish","type":"post","link":"https:\/\/eldiariodesanpedro.com.ar\/sitio\/se-secuestro-una-escopeta-en-allanamiento-2\/","title":{"rendered":"Se secuestr\u00f3 una escopeta en allanamiento"},"content":{"rendered":"<!-- VideographyWP Plugin Message: Automatic video embedding prevented by plugin options. -->\n\n<p>Tras un hecho ocurrido d\u00edas atr\u00e1s donde una personas recibi\u00f3 amenazas de gravedad se realizaron allanamientos en un domicilio.<\/p>\n\n\n\n<p>Este lunes se realiz\u00f3 un allanamiento en un domicilio ubicado en calle Bozzano por un hecho de amenazas calificadas denunciada en d\u00edas pasados, extendido por la justicia ordinaria, donde se logro el secuestro de una escopeta calibre 12 y cartuchos intactos.<\/p>\n\n\n\n<p>Con respecto al morador un ciudadano de 30 a\u00f1os de edad se cumplieron recaudos legales siendo aprehendido y su posterior libertad.<\/p>\n","protected":false},"excerpt":{"rendered":"<p>Tras un hecho ocurrido d\u00edas atr\u00e1s donde una personas recibi\u00f3 amenazas de gravedad se realizaron allanamientos en un domicilio. Este lunes se realiz\u00f3 un allanamiento en un domicilio ubicado en calle Bozzano por un hecho de amenazas calificadas denunciada en d\u00edas pasados, extendido por la justicia ordinaria, donde se logro el secuestro de una escopeta [&hellip;]<\/p>\n","protected":false},"author":4,"featured_media":47414,"comment_status":"open","ping_status":"closed","sticky":false,"template":"","format":"standard","meta":{"om_disable_all_campaigns":false,"_jetpack_memberships_contains_paid_content":false,"footnotes":""},"categories":[2,103],"tags":[],"class_list":["post-47413","post","type-post","status-publish","format-standard","has-post-thumbnail","hentry","category-locales","category-policiales-locales"],"aioseo_notices":[],"gutentor_comment":0,"jetpack_featured_media_url":"https:\/\/eldiariodesanpedro.com.ar\/sitio\/wp-content\/uploads\/2019\/02\/WhatsApp-Image-2019-02-12-at-09.52.44.jpeg","jetpack_shortlink":"https:\/\/wp.me\/p6RhLt-ckJ","jetpack_sharing_enabled":true,"_links":{"self":[{"href":"https:\/\/eldiariodesanpedro.com.ar\/sitio\/wp-json\/wp\/v2\/posts\/47413","targetHints":{"allow":["GET"]}}],"collection":[{"href":"https:\/\/eldiariodesanpedro.com.ar\/sitio\/wp-json\/wp\/v2\/posts"}],"about":[{"href":"https:\/\/eldiariodesanpedro.com.ar\/sitio\/wp-json\/wp\/v2\/types\/post"}],"author":[{"embeddable":true,"href":"https:\/\/eldiariodesanpedro.com.ar\/sitio\/wp-json\/wp\/v2\/users\/4"}],"replies":[{"embeddable":true,"href":"https:\/\/eldiariodesanpedro.com.ar\/sitio\/wp-json\/wp\/v2\/comments?post=47413"}],"version-history":[{"count":1,"href":"https:\/\/eldiariodesanpedro.com.ar\/sitio\/wp-json\/wp\/v2\/posts\/47413\/revisions"}],"predecessor-version":[{"id":47415,"href":"https:\/\/eldiariodesanpedro.com.ar\/sitio\/wp-json\/wp\/v2\/posts\/47413\/revisions\/47415"}],"wp:featuredmedia":[{"embeddable":true,"href":"https:\/\/eldiariodesanpedro.com.ar\/sitio\/wp-json\/wp\/v2\/media\/47414"}],"wp:attachment":[{"href":"https:\/\/eldiariodesanpedro.com.ar\/sitio\/wp-json\/wp\/v2\/media?parent=47413"}],"wp:term":[{"taxonomy":"category","embeddable":true,"href":"https:\/\/eldiariodesanpedro.com.ar\/sitio\/wp-json\/wp\/v2\/categories?post=47413"},{"taxonomy":"post_tag","embeddable":true,"href":"https:\/\/eldiariodesanpedro.com.ar\/sitio\/wp-json\/wp\/v2\/tags?post=47413"}],"curies":[{"name":"wp","href":"https:\/\/api.w.org\/{rel}","templated":true}]}}